{"id":21378,"date":"2024-10-25T11:15:20","date_gmt":"2024-10-25T09:15:20","guid":{"rendered":"http:\/\/bextspace.com\/?p=21378"},"modified":"2025-02-21T12:37:28","modified_gmt":"2025-02-21T11:37:28","slug":"alquiler-estancias-cortas-madrid","status":"publish","type":"post","link":"http:\/\/bextspace.com\/en\/alquiler-estancias-cortas-madrid\/","title":{"rendered":"Alquiler para estancias cortas en Madrid"},"content":{"rendered":"<p>Comprendemos que sois muchos los que busc\u00e1is un <strong>piso de alquiler para estancias cortas en Madrid<\/strong> y desesperados por el precio de la vivienda y los alojamientos, os frustr\u00e1is. No es para menos. Por esto, <strong><a href=\"http:\/\/bextspace.com\/en\/\" data-type=\"page\" data-id=\"37\">Bext Space <\/a><\/strong>propone una nueva modalidad de alquiler para estancias cortas en la capital.<\/p>\n\n\n\n<div id=\"ez-toc-container\" class=\"ez-toc-v2_0_82_1 counter-hierarchy ez-toc-counter ez-toc-grey ez-toc-container-direction\">\n<div class=\"ez-toc-title-container\">\n<div class=\"ez-toc-title\" style=\"cursor:inherit\">Contenido del art\u00edculo<\/div>\n<span class=\"ez-toc-title-toggle\"><a href=\"#\" class=\"ez-toc-pull-right ez-toc-btn ez-toc-btn-xs ez-toc-btn-default ez-toc-toggle\" aria-label=\"Toggle Table of Content\"><span class=\"ez-toc-js-icon-con\"><span class=\"\"><span class=\"eztoc-hide\" style=\"display:none;\">Toggle<\/span><span class=\"ez-toc-icon-toggle-span\"><svg style=\"fill: #999;color:#999\" xmlns=\"http:\/\/www.w3.org\/2000\/svg\" class=\"list-377408\" width=\"20px\" height=\"20px\" viewbox=\"0 0 24 24\" fill=\"none\"><path d=\"M6 6H4v2h2V6zm14 0H8v2h12V6zM4 11h2v2H4v-2zm16 0H8v2h12v-2zM4 16h2v2H4v-2zm16 0H8v2h12v-2z\" fill=\"currentColor\"><\/path><\/svg><svg style=\"fill: #999;color:#999\" class=\"arrow-unsorted-368013\" xmlns=\"http:\/\/www.w3.org\/2000\/svg\" width=\"10px\" height=\"10px\" viewbox=\"0 0 24 24\" version=\"1.2\" baseprofile=\"tiny\"><path d=\"M18.2 9.3l-6.2-6.3-6.2 6.3c-.2.2-.3.4-.3.7s.1.5.3.7c.2.2.4.3.7.3h11c.3 0 .5-.1.7-.3.2-.2.3-.5.3-.7s-.1-.5-.3-.7zM5.8 14.7l6.2 6.3 6.2-6.3c.2-.2.3-.5.3-.7s-.1-.5-.3-.7c-.2-.2-.4-.3-.7-.3h-11c-.3 0-.5.1-.7.3-.2.2-.3.5-.3.7s.1.5.3.7z\"\/><\/svg><\/span><\/span><\/span><\/a><\/span><\/div>\n<nav><ul class='ez-toc-list ez-toc-list-level-1' ><li class='ez-toc-page-1 ez-toc-heading-level-1'><a class=\"ez-toc-link ez-toc-heading-1\" href=\"http:\/\/bextspace.com\/en\/alquiler-estancias-cortas-madrid\/#Fantasticas_viviendas_de_alquiler_para_estancias_cortas_en_Madrid\" >Fant\u00e1sticas viviendas de alquiler para estancias cortas en Madrid<\/a><ul class='ez-toc-list-level-2' ><li class='ez-toc-heading-level-2'><a class=\"ez-toc-link ez-toc-heading-2\" href=\"http:\/\/bextspace.com\/en\/alquiler-estancias-cortas-madrid\/#Si_vienes_por_trabajo_a_Madrid_ni_lo_dudes_Esta_es_tu_oportunidad\" >Si vienes por trabajo a Madrid: ni lo dudes. Esta es tu oportunidad<\/a><\/li><li class='ez-toc-page-1 ez-toc-heading-level-2'><a class=\"ez-toc-link ez-toc-heading-3\" href=\"http:\/\/bextspace.com\/en\/alquiler-estancias-cortas-madrid\/#Alquiler_por_semanas_o_meses_Ideal_para_autonomos_o_trabajadores_desplazados\" >Alquiler por semanas o meses: Ideal para aut\u00f3nomos o trabajadores desplazados.<\/a><\/li><\/ul><\/li><\/ul><\/nav><\/div>\n<h1 class=\"wp-block-heading\"><span class=\"ez-toc-section\" id=\"Fantasticas_viviendas_de_alquiler_para_estancias_cortas_en_Madrid\"><\/span><a><\/a>Fant\u00e1sticas viviendas de alquiler para estancias cortas en Madrid<span class=\"ez-toc-section-end\"><\/span><\/h1>\n\n\n\n<p>Madrid es una ciudad llena de oportunidades que atrae a gente de todas partes, ya sea para estudiar en sus universidades de renombre o por motivos laborales. Sin embargo, a menudo estos traslados son temporales, lo que puede hacer que encontrar un lugar adecuado donde alojarse sea todo un desaf\u00edo.<\/p>\n\n\n\n<p>Y es que muchas personas se ven en la necesidad de buscar un <strong>alquiler para estancias cortas en Madrid<\/strong> y esto es algo para lo que el <a href=\"http:\/\/bextspace.com\/en\/tendencias-del-mercado-inmobiliario-en-barcelona\/\" data-type=\"post\" data-id=\"10529\"><strong>mercado inmobiliario<\/strong><\/a> no est\u00e1 preparado. Las viviendas de alquiler ofrecen contratos a largo plazo, pero deja a quienes buscan <strong>alquiler por semanas o por d\u00edas<\/strong> con pocas alternativas.<\/p>\n\n\n\n<p>Por suerte, hoy en d\u00eda existen opciones m\u00e1s adaptadas, como los <strong><a href=\"http:\/\/bextspace.com\/en\/flex-living-como-alternativa\/\" data-type=\"post\" data-id=\"19900\">apartamentos flex living de Bext Space.<\/a><\/strong> Son viviendas dise\u00f1adas para ofrecer la flexibilidad y comodidad que muchos necesitan, permitiendo disfrutar de un alquiler para estancias cortas en Madrid sin las complicaciones de alquileres tradicionales.<\/p>\n\n\n\n<figure class=\"wp-block-image aligncenter size-full\"><img fetchpriority=\"high\" decoding=\"async\" width=\"700\" height=\"466\" src=\"http:\/\/bextspace.com\/wp-content\/uploads\/2024\/10\/alquiler-de-corta-estancia-madrid.webp\" alt=\"alquiler de corta estancia Madrid | Bext Vallecas \" class=\"wp-image-21393\" srcset=\"https:\/\/bextspace.com\/wp-content\/uploads\/2024\/10\/alquiler-de-corta-estancia-madrid.webp 700w, https:\/\/bextspace.com\/wp-content\/uploads\/2024\/10\/alquiler-de-corta-estancia-madrid-300x200.webp 300w, https:\/\/bextspace.com\/wp-content\/uploads\/2024\/10\/alquiler-de-corta-estancia-madrid-18x12.webp 18w\" sizes=\"(max-width: 700px) 100vw, 700px\" \/><\/figure>\n\n\n\n<div style=\"height:13px\" aria-hidden=\"true\" class=\"wp-block-spacer\"><\/div>\n\n\n\n<h2 class=\"wp-block-heading\"><span class=\"ez-toc-section\" id=\"Si_vienes_por_trabajo_a_Madrid_ni_lo_dudes_Esta_es_tu_oportunidad\"><\/span><a><\/a>Si vienes por trabajo a Madrid: ni lo dudes. Esta es tu oportunidad<span class=\"ez-toc-section-end\"><\/span><\/h2>\n\n\n\n<p>Todos nos hemos tenido que enfrentar m\u00e1s de una vez al proceso de <strong><a href=\"http:\/\/bextspace.com\/en\/te-mostramos-una-nueva-forma-de-vivir-de-alquiler-en-madrid\/\" data-type=\"post\" data-id=\"21267\">buscar una vivienda de alquiler<\/a><\/strong> y sabemos lo frustrante que puede ser. Revisas muchos anuncios de pisos hasta coordinar visitas de viviendas que no cumplen con tus expectativas. Y, por si fuera poco, a esto tenemos que sumarle la presi\u00f3n de encontrar un sitio que encaje con nuestro presupuesto y necesidades.<\/p>\n\n\n\n<p>Pero adem\u00e1s, la situaci\u00f3n se complica si estamos buscando alquiler de car\u00e1cter temporal o para una estancia corta, ya que la mayor parte de los alquileres son por un a\u00f1o m\u00ednimo. Por eso, las personas que tienen que <strong>venir a <a href=\"https:\/\/www.turismomadrid.es\/es\/\" target=\"_blank\" rel=\"noopener\">Madrid<\/a> por cuestiones de trabajo o estudios<\/strong>, muchas veces se ven obligadas a conformarse con apartamentos viejos o poco c\u00f3modos. O lidiar con contratos inflexibles que hacen que tengan que pasar, de forma obligatoria, m\u00e1s tiempo del necesario en esta ciudad.<\/p>\n\n\n\n<p>Todos estos motivos son los que nos han llevado a crear un modelo de <a href=\"http:\/\/bextspace.com\/en\/flex-living-como-alternativa\/\" data-type=\"post\" data-id=\"19900\"><strong>alquiler para estancias cortas mucho m\u00e1s flexible (flex living<\/strong>)<\/a> y adaptado a las necesidades de este tipo de inquilinos. Con <strong>Bext Vallecas, <\/strong>puedes alquilar apartamentos y <strong><a href=\"http:\/\/bextspace.com\/en\/alquier-obra-nueva-ventajas\/\" data-type=\"post\" data-id=\"12217\">pisos de obra nueva<\/a><\/strong> por un periodo mucho m\u00e1s corto, en una zona muy bien ubicada y con todas las comodidades necesarias para tu d\u00eda a d\u00eda.<\/p>\n\n\n\n<div style=\"height:13px\" aria-hidden=\"true\" class=\"wp-block-spacer\"><\/div>\n\n\n\n<h2 class=\"wp-block-heading\"><span class=\"ez-toc-section\" id=\"Alquiler_por_semanas_o_meses_Ideal_para_autonomos_o_trabajadores_desplazados\"><\/span>Alquiler por semanas o meses: Ideal para aut\u00f3nomos o trabajadores desplazados.<span class=\"ez-toc-section-end\"><\/span><\/h2>\n\n\n\n<p>Si eres aut\u00f3nomo o debes desplazarte a Madrid por cuestiones laborales durante\u00a0un tiempo determinado, sabes lo importante que es encontrar un lugar c\u00f3modo y accesible en el cual alojarte. Ahora puedes plantearte un<strong> alquiler para estancia<\/strong> <strong>cortas en Madrid<\/strong> y con tu vivienda temporal bien ubicada, para que no tengas que pasar mucho tiempo en el transporte p\u00fablico.<\/p>\n\n\n\n<figure class=\"wp-block-image aligncenter size-full\"><img decoding=\"async\" width=\"700\" height=\"466\" src=\"http:\/\/bextspace.com\/wp-content\/uploads\/2024\/10\/alquiler-por-dia-o-semanas-madrid.webp\" alt=\"alojamiento alquiler por d\u00edas o semanas en madrid | Bext Vallecas de   Bext Space\" class=\"wp-image-21396\" srcset=\"https:\/\/bextspace.com\/wp-content\/uploads\/2024\/10\/alquiler-por-dia-o-semanas-madrid.webp 700w, https:\/\/bextspace.com\/wp-content\/uploads\/2024\/10\/alquiler-por-dia-o-semanas-madrid-300x200.webp 300w, https:\/\/bextspace.com\/wp-content\/uploads\/2024\/10\/alquiler-por-dia-o-semanas-madrid-18x12.webp 18w\" sizes=\"(max-width: 700px) 100vw, 700px\" \/><\/figure>\n\n\n\n<p class=\"has-text-align-center\">En este sentido, las viviendas de Bext Vallecas son una excelente opci\u00f3n. <\/p>\n\n\n\n<p>Su ubicaci\u00f3n estrat\u00e9gica te permite disfrutar de la comodidad de estar cerca de las <strong><a href=\"https:\/\/moovitapp.com\/index\/es\/transporte_p%C3%BAblico-Vallecas-Madrid-site_22155968-21\" target=\"_blank\" rel=\"noopener\">principales conexiones de transporte<\/a><\/strong> y de todo lo que Madrid tiene para ofrecer. Pero, a su vez, te reporta la tranquilidad que tanto necesitan aquellas personas que no est\u00e1n acostumbradas al bullicio de la gran ciudad.&nbsp;<\/p>\n\n\n\n<figure class=\"wp-block-image size-large\"><img decoding=\"async\" width=\"1024\" height=\"686\" src=\"http:\/\/bextspace.com\/wp-content\/uploads\/2024\/10\/bext-vallecas-ubicacion-y-transporte-publico-1024x686.jpg\" alt=\"Bext Vallecas - ubicaci\u00f3n y transporte p\u00fablico cercano\" class=\"wp-image-21733\" srcset=\"https:\/\/bextspace.com\/wp-content\/uploads\/2024\/10\/bext-vallecas-ubicacion-y-transporte-publico-1024x686.jpg 1024w, https:\/\/bextspace.com\/wp-content\/uploads\/2024\/10\/bext-vallecas-ubicacion-y-transporte-publico-300x201.jpg 300w, https:\/\/bextspace.com\/wp-content\/uploads\/2024\/10\/bext-vallecas-ubicacion-y-transporte-publico-768x515.jpg 768w, https:\/\/bextspace.com\/wp-content\/uploads\/2024\/10\/bext-vallecas-ubicacion-y-transporte-publico-18x12.jpg 18w, https:\/\/bextspace.com\/wp-content\/uploads\/2024\/10\/bext-vallecas-ubicacion-y-transporte-publico.jpg 1486w\" sizes=\"(max-width: 1024px) 100vw, 1024px\" \/><\/figure>\n\n\n\n<p>Con <strong>apartamentos modernos y bien equipados,<\/strong> en <a href=\"http:\/\/bextspace.com\/en\/bext-vallecas\/\" data-type=\"link\" data-id=\"http:\/\/bextspace.com\/bext-vallecas\/\"><strong>Bext Vallecas<\/strong><\/a> te sentir\u00e1s como en casa desde el primer d\u00eda. Y, lo que es mejor a\u00fan, podr\u00e1s adaptar tu contrato de alquiler a tus necesidades, eligiendo la duraci\u00f3n que mejor se ajuste a tu situaci\u00f3n personal. <\/p>\n\n\n\n<p><strong>Si necesitas quedarte solo unos meses por trabajo puedes optar por un alquiler a corto plazo.<\/strong> Por otro lado, si tus planes se extienden m\u00e1s all\u00e1 de lo previsto, tendr\u00e1s la posibilidad de ampliar tu contrato de forma sencilla.<\/p>\n\n\n\n<p>Adem\u00e1s, cada detalle de los apartamentos est\u00e1 pensado para adaptarse a tu estilo de vida, tanto si trabajas desde casa como si tienes que desplazarte a una oficina. Por eso, nuestras instalaciones incluyen <strong><em><a href=\"http:\/\/bextspace.com\/en\/amenitiees-piso-obra-nueva\/\" data-type=\"post\" data-id=\"5809\">amenities<\/a><\/em> <\/strong>que mejoran tu d\u00eda a d\u00eda, como \u00e1reas de coworking, gimnasio o piscina. As\u00ed, no solo encontrar\u00e1s un lugar donde quedarte, sino un espacio que favorezca tu productividad y bienestar.<\/p>\n\n\n\n<p>As\u00ed que ya lo sabes, si est\u00e1s buscando un <strong>alquiler para estancias cortas en Madrid <\/strong>(para un mes o varios meses) en Bext Vallecas encontrar\u00e1s la flexibilidad y comodidad que necesitas para hacer de tu estancia en la ciudad una experiencia satisfactoria.<\/p>\n\n\n\n<p><\/p>","protected":false},"excerpt":{"rendered":"<p>Comprendemos que sois muchos los que busc\u00e1is un piso de alquiler para estancias cortas en Madrid y desesperados por el precio de la vivienda y los alojamientos, os frustr\u00e1is. No es para menos. Por esto, Bext Space propone una nueva modalidad de alquiler para estancias cortas en la capital. Fant\u00e1sticas viviendas de alquiler para estancias [&hellip;]<\/p>\n","protected":false},"author":1,"featured_media":21379,"comment_status":"closed","ping_status":"closed","sticky":false,"template":"","format":"standard","meta":{"footnotes":""},"categories":[18,20],"tags":[],"class_list":["post-21378","post","type-post","status-publish","format-standard","has-post-thumbnail","hentry","category-alquiler","category-build-to-rent"],"_links":{"self":[{"href":"http:\/\/bextspace.com\/en\/wp-json\/wp\/v2\/posts\/21378","targetHints":{"allow":["GET"]}}],"collection":[{"href":"http:\/\/bextspace.com\/en\/wp-json\/wp\/v2\/posts"}],"about":[{"href":"http:\/\/bextspace.com\/en\/wp-json\/wp\/v2\/types\/post"}],"author":[{"embeddable":true,"href":"http:\/\/bextspace.com\/en\/wp-json\/wp\/v2\/users\/1"}],"replies":[{"embeddable":true,"href":"http:\/\/bextspace.com\/en\/wp-json\/wp\/v2\/comments?post=21378"}],"version-history":[{"count":0,"href":"http:\/\/bextspace.com\/en\/wp-json\/wp\/v2\/posts\/21378\/revisions"}],"wp:featuredmedia":[{"embeddable":true,"href":"http:\/\/bextspace.com\/en\/wp-json\/wp\/v2\/media\/21379"}],"wp:attachment":[{"href":"http:\/\/bextspace.com\/en\/wp-json\/wp\/v2\/media?parent=21378"}],"wp:term":[{"taxonomy":"category","embeddable":true,"href":"http:\/\/bextspace.com\/en\/wp-json\/wp\/v2\/categories?post=21378"},{"taxonomy":"post_tag","embeddable":true,"href":"http:\/\/bextspace.com\/en\/wp-json\/wp\/v2\/tags?post=21378"}],"curies":[{"name":"wp","href":"https:\/\/api.w.org\/{rel}","templated":true}]}}