{"id":31723,"date":"2025-06-19T09:07:00","date_gmt":"2025-06-19T07:07:00","guid":{"rendered":"http:\/\/bextspace.com\/?p=31723"},"modified":"2025-07-01T16:31:02","modified_gmt":"2025-07-01T14:31:02","slug":"orgullo-gay-en-madrid-2025","status":"publish","type":"post","link":"http:\/\/bextspace.com\/en\/orgullo-gay-en-madrid-2025\/","title":{"rendered":"Vente a celebrar el Orgullo Gay en Madrid 2025"},"content":{"rendered":"<p>El <strong>Orgullo Gay en Madrid 2025<\/strong> convierte de nuevo a la ciudad en un referente mundial de diversidad, respeto y libertad. Durante varios d\u00edas, calles y plazas se llenan de color, m\u00fasica, cultura y reivindicaci\u00f3n. Si quieres vivirlo de cerca, sin renunciar a la comodidad y sinti\u00e9ndote en casa, Bext Space es tu mejor punto de partida.<\/p>\n\n\n\n<div style=\"height:28px\" aria-hidden=\"true\" class=\"wp-block-spacer\"><\/div>\n\n\n\n<div id=\"ez-toc-container\" class=\"ez-toc-v2_0_82_1 counter-hierarchy ez-toc-counter ez-toc-grey ez-toc-container-direction\">\n<div class=\"ez-toc-title-container\">\n<div class=\"ez-toc-title\" style=\"cursor:inherit\">Contenido del art\u00edculo<\/div>\n<span class=\"ez-toc-title-toggle\"><a href=\"#\" class=\"ez-toc-pull-right ez-toc-btn ez-toc-btn-xs ez-toc-btn-default ez-toc-toggle\" aria-label=\"Toggle Table of Content\"><span class=\"ez-toc-js-icon-con\"><span class=\"\"><span class=\"eztoc-hide\" style=\"display:none;\">Toggle<\/span><span class=\"ez-toc-icon-toggle-span\"><svg style=\"fill: #999;color:#999\" xmlns=\"http:\/\/www.w3.org\/2000\/svg\" class=\"list-377408\" width=\"20px\" height=\"20px\" viewbox=\"0 0 24 24\" fill=\"none\"><path d=\"M6 6H4v2h2V6zm14 0H8v2h12V6zM4 11h2v2H4v-2zm16 0H8v2h12v-2zM4 16h2v2H4v-2zm16 0H8v2h12v-2z\" fill=\"currentColor\"><\/path><\/svg><svg style=\"fill: #999;color:#999\" class=\"arrow-unsorted-368013\" xmlns=\"http:\/\/www.w3.org\/2000\/svg\" width=\"10px\" height=\"10px\" viewbox=\"0 0 24 24\" version=\"1.2\" baseprofile=\"tiny\"><path d=\"M18.2 9.3l-6.2-6.3-6.2 6.3c-.2.2-.3.4-.3.7s.1.5.3.7c.2.2.4.3.7.3h11c.3 0 .5-.1.7-.3.2-.2.3-.5.3-.7s-.1-.5-.3-.7zM5.8 14.7l6.2 6.3 6.2-6.3c.2-.2.3-.5.3-.7s-.1-.5-.3-.7c-.2-.2-.4-.3-.7-.3h-11c-.3 0-.5.1-.7.3-.2.2-.3.5-.3.7s.1.5.3.7z\"\/><\/svg><\/span><\/span><\/span><\/a><\/span><\/div>\n<nav><ul class='ez-toc-list ez-toc-list-level-1' ><li class='ez-toc-page-1 ez-toc-heading-level-1'><a class=\"ez-toc-link ez-toc-heading-1\" href=\"http:\/\/bextspace.com\/en\/orgullo-gay-en-madrid-2025\/#Orgullo_Gay_en_Madrid_celebra_sin_miedo\" >Orgullo Gay en Madrid: celebra sin miedo<\/a><ul class='ez-toc-list-level-2' ><li class='ez-toc-heading-level-2'><a class=\"ez-toc-link ez-toc-heading-2\" href=\"http:\/\/bextspace.com\/en\/orgullo-gay-en-madrid-2025\/#Actividades_y_programacion_2025\" >Actividades y programaci\u00f3n 2025<\/a><\/li><li class='ez-toc-page-1 ez-toc-heading-level-2'><a class=\"ez-toc-link ez-toc-heading-3\" href=\"http:\/\/bextspace.com\/en\/orgullo-gay-en-madrid-2025\/#Que_hacer_despues_del_Orgullo\" >Qu\u00e9 hacer despu\u00e9s del Orgullo<\/a><\/li><li class='ez-toc-page-1 ez-toc-heading-level-2'><a class=\"ez-toc-link ez-toc-heading-4\" href=\"http:\/\/bextspace.com\/en\/orgullo-gay-en-madrid-2025\/#Donde_alojarte_libertad_sin_renuncias\" >D\u00f3nde alojarte: libertad sin renuncias<\/a><\/li><li class='ez-toc-page-1 ez-toc-heading-level-2'><a class=\"ez-toc-link ez-toc-heading-5\" href=\"http:\/\/bextspace.com\/en\/orgullo-gay-en-madrid-2025\/#Vive_con_orgullo_todo_el_ano\" >Vive con orgullo todo el a\u00f1o<\/a><\/li><\/ul><\/li><\/ul><\/nav><\/div>\n<h1 class=\"wp-block-heading\"><span class=\"ez-toc-section\" id=\"Orgullo_Gay_en_Madrid_celebra_sin_miedo\"><\/span><a><\/a>Orgullo Gay en Madrid: celebra sin miedo<span class=\"ez-toc-section-end\"><\/span><\/h1>\n\n\n\n<p>Madrid vuelve a ser uno de los epicentros mundiales de la diversidad. El <strong>Orgullo Gay en Madrid 2025<\/strong> promete una semana llena de celebraciones, cultura y conciencia.<\/p>\n\n\n\n<p>From <strong>Bext Space <\/strong>celebramos esta fiesta no solo como un evento, sino como un reflejo del estilo de vida actual: inclusivo, libre, diverso y lleno de experiencias reales.<\/p>\n\n\n\n<p>Cada persona merece vivir en un entorno donde su identidad no solo se respete, sino que se celebre. Y el Orgullo es el mejor ejemplo de ello.<\/p>\n\n\n\n<figure class=\"wp-block-image aligncenter size-full\"><img fetchpriority=\"high\" decoding=\"async\" width=\"1010\" height=\"673\" src=\"http:\/\/bextspace.com\/wp-content\/uploads\/2025\/06\/orgullo.jpg\" alt=\"visita Madrid Orgullo Gay en Madrid 2025\" class=\"wp-image-31725\" srcset=\"https:\/\/bextspace.com\/wp-content\/uploads\/2025\/06\/orgullo.jpg 1010w, https:\/\/bextspace.com\/wp-content\/uploads\/2025\/06\/orgullo-300x200.jpg 300w, https:\/\/bextspace.com\/wp-content\/uploads\/2025\/06\/orgullo-768x512.jpg 768w, https:\/\/bextspace.com\/wp-content\/uploads\/2025\/06\/orgullo-18x12.jpg 18w\" sizes=\"(max-width: 1010px) 100vw, 1010px\" \/><figcaption class=\"wp-element-caption\"><em>Orgullo en Madrid: libertad, diversidad y celebraci\u00f3n. En Bext, vives en el centro de todo lo que importa.<\/em><\/figcaption><\/figure>\n\n\n\n<div style=\"height:28px\" aria-hidden=\"true\" class=\"wp-block-spacer\"><\/div>\n\n\n\n<h2 class=\"wp-block-heading\"><span class=\"ez-toc-section\" id=\"Actividades_y_programacion_2025\"><\/span><a><\/a>Actividades y programaci\u00f3n 2025<span class=\"ez-toc-section-end\"><\/span><\/h2>\n\n\n\n<p>El Orgullo LGTBIQ+ de Madrid, es la mayor fiesta del colectivo en <strong>Espa\u00f1a<\/strong> y una de las m\u00e1s relevantes de Europa. Este 2025 llega con un calendario lleno de actividades para todos los gustos.<\/p>\n\n\n\n<p>Desde finales de junio hasta el primer fin de semana de julio, Madrid se transforma en un escenario de diversidad:<\/p>\n\n\n\n<ul class=\"wp-block-list\">\n<li><strong>Preg\u00f3n oficial<\/strong> en Plaza de Pedro Zerolo para inaugurar la fiesta.<\/li>\n\n\n\n<li><strong>Conciertos y DJ sessions<\/strong> al aire libre en Plaza del Rey, Callao y Plaza de Espa\u00f1a.<\/li>\n\n\n\n<li><strong>Eventos deportivos, exposiciones y charlas<\/strong> centradas en derechos humanos y diversidad.<\/li>\n\n\n\n<li><strong>Actividades infantiles y familiares<\/strong>, porque el Orgullo lo vivimos todos.<\/li>\n<\/ul>\n\n\n\n<p>Las calles de Chueca vibran con su energ\u00eda habitual: terrazas llenas, comercios decorados, encuentros espont\u00e1neos y mucha alegr\u00eda compartida.<\/p>\n\n\n\n<p>No faltan los ciclos de cine<strong> <a href=\"https:\/\/es.wikipedia.org\/wiki\/Queer\" target=\"_blank\" rel=\"noopener\">queer,<\/a><\/strong> las rutas hist\u00f3ricas por el <strong>Madrid LGTBIQ+<\/strong> y los eventos culturales que llenan cada rinc\u00f3n de la ciudad de visibilidad y diversidad.<\/p>\n\n\n\n<p>Tambi\u00e9n puedes encontrar espacios de debate, ferias de entidades sociales, talleres de salud y jornadas de deporte inclusivo. Todo pensado para que cada persona encuentre su manera de vivir el Orgullo como le apetezca sin l\u00edmites.<\/p>\n\n\n\n<div style=\"height:28px\" aria-hidden=\"true\" class=\"wp-block-spacer\"><\/div>\n\n\n\n<h2 class=\"wp-block-heading\"><span class=\"ez-toc-section\" id=\"Que_hacer_despues_del_Orgullo\"><\/span><a><\/a>Qu\u00e9 hacer despu\u00e9s del Orgullo<span class=\"ez-toc-section-end\"><\/span><\/h2>\n\n\n\n<p>La energ\u00eda del Orgullo no termina con el desfile. <strong><a href=\"https:\/\/madridorgullo.com\/\" target=\"_blank\" rel=\"noopener\">Madrid <\/a><\/strong>ofrece mil formas de seguir celebrando.<\/p>\n\n\n\n<ul class=\"wp-block-list\">\n<li><strong>Descubre el Madrid m\u00e1s inclusivo<\/strong>: pasea por Lavapi\u00e9s, Malasa\u00f1a o La Latina. Cafeter\u00edas, librer\u00edas, centros culturales y espacios de arte te esperan.<\/li>\n\n\n\n<li><strong>Planes de relax<\/strong>: recarga energ\u00eda en El Retiro, Madrid R\u00edo o el Jard\u00edn del Capricho. Tambi\u00e9n puedes darte un respiro en spas urbanos o terrazas con vistas.<\/li>\n<\/ul>\n\n\n\n<figure class=\"wp-block-image size-full\"><img decoding=\"async\" width=\"1010\" height=\"673\" src=\"http:\/\/bextspace.com\/wp-content\/uploads\/2025\/06\/parque_del_retiro.jpg\" alt=\"Parque de El Retiro de Madrid | Estanque del Buen Retiro \" class=\"wp-image-31726\" srcset=\"https:\/\/bextspace.com\/wp-content\/uploads\/2025\/06\/parque_del_retiro.jpg 1010w, https:\/\/bextspace.com\/wp-content\/uploads\/2025\/06\/parque_del_retiro-300x200.jpg 300w, https:\/\/bextspace.com\/wp-content\/uploads\/2025\/06\/parque_del_retiro-768x512.jpg 768w, https:\/\/bextspace.com\/wp-content\/uploads\/2025\/06\/parque_del_retiro-18x12.jpg 18w\" sizes=\"(max-width: 1010px) 100vw, 1010px\" \/><\/figure>\n\n\n\n<p class=\"has-text-align-center\"><em>Vive a tu manera cerca de los mejores planes de Madrid, como el Retiro. Disfruta de arte, naturaleza y vida urbana a solo unos pasos de tu casa.<\/em><\/p>\n\n\n\n<ul class=\"wp-block-list\">\n<li><strong>Escapadas cerca de Madrid<\/strong>: si quieres cambiar de aires, organiza un fin de semana en la Sierra o explora pueblos cercanos.<\/li>\n\n\n\n<li><strong>Planes culturales<\/strong>: puedes visitar museos como el Museo del Prado o el Museo Reina Sof\u00eda, que en esas fechas suelen ofrecer actividades especiales relacionadas con el arte y la diversidad.<\/li>\n<\/ul>\n\n\n\n<p>Madrid te invita a celebrar a tu ritmo, porque el Orgullo no es solo una fecha: es una actitud que puedes llevar contigo todo el a\u00f1o.<\/p>\n\n\n\n<div style=\"height:28px\" aria-hidden=\"true\" class=\"wp-block-spacer\"><\/div>\n\n\n\n<h2 class=\"wp-block-heading\"><span class=\"ez-toc-section\" id=\"Donde_alojarte_libertad_sin_renuncias\"><\/span><a><\/a>D\u00f3nde alojarte: libertad sin renuncias<span class=\"ez-toc-section-end\"><\/span><\/h2>\n\n\n\n<p>Si buscas alojamiento para vivir el Orgullo Gay en Madrid 2025, en Bext Space tienes la opci\u00f3n perfecta.<\/p>\n\n\n\n<p>Nuestros apartamentos de alquiler flexible est\u00e1n dise\u00f1ados para adaptarse a ti. Puedes alojarte por d\u00edas, semanas o meses. Siempre cerca de todo, pero con la tranquilidad de tener tu propio espacio.<\/p>\n\n\n\n<p><strong>Bext Valdebebas,<\/strong> tiene buena conexi\u00f3n con el centro, en un entorno tranquilo y moderno.<\/p>\n\n\n\n<p>Disfruta del dise\u00f1o actual, zonas comunes como coworking y gimnasio, y un ambiente&nbsp; donde sentirte libre.<\/p>\n\n\n\n<p>El alquiler flexible te permite decidir sin ataduras, puedes alargar tu estancia, combinar trabajo y ocio, o simplemente vivir la ciudad de la manera que t\u00fa elijas.<\/p>\n\n\n\n<figure class=\"wp-block-image size-full\"><img decoding=\"async\" width=\"1010\" height=\"673\" src=\"http:\/\/bextspace.com\/wp-content\/uploads\/2025\/06\/fachada_valdebebas.jpg\" alt=\"bext valdebebas | Al\u00f3jate en Madrid con alquileres por dias, semanas , meses o a\u00f1os. | Bext Space\" class=\"wp-image-32213\" srcset=\"https:\/\/bextspace.com\/wp-content\/uploads\/2025\/06\/fachada_valdebebas.jpg 1010w, https:\/\/bextspace.com\/wp-content\/uploads\/2025\/06\/fachada_valdebebas-300x200.jpg 300w, https:\/\/bextspace.com\/wp-content\/uploads\/2025\/06\/fachada_valdebebas-768x512.jpg 768w, https:\/\/bextspace.com\/wp-content\/uploads\/2025\/06\/fachada_valdebebas-18x12.jpg 18w\" sizes=\"(max-width: 1010px) 100vw, 1010px\" \/><\/figure>\n\n\n\n<p class=\"has-text-align-center\"><em>Dise\u00f1o, confort y luz natural. As\u00ed son nuestros apartamentos de alquiler flexible en Madrid.<\/em> <em>Bext Valdebebas te espera con los brazos abiertos.<\/em><\/p>\n\n\n\n<div style=\"height:28px\" aria-hidden=\"true\" class=\"wp-block-spacer\"><\/div>\n\n\n\n<h2 class=\"wp-block-heading\"><span class=\"ez-toc-section\" id=\"Vive_con_orgullo_todo_el_ano\"><\/span><a><\/a>Vive con orgullo todo el a\u00f1o<span class=\"ez-toc-section-end\"><\/span><\/h2>\n\n\n\n<p>En<strong> Bext Space <\/strong>creemos que celebrar el Orgullo no es cosa de un d\u00eda, es una forma de entender la vida. Por eso promovemos espacios inclusivos, comunidades diversas y un estilo de vida donde cada persona pueda ser quien es.<\/p>\n\n\n\n<p><strong><a href=\"http:\/\/bextspace.com\/en\/\">Nuestras promociones <\/a><\/strong>est\u00e1n pensadas para quienes buscan m\u00e1s que una vivienda: quieren un hogar donde vivir sin etiquetas, sin exigencias, sin miedo.<\/p>\n\n\n\n<p>Desde las actividades comunes hasta el dise\u00f1o de los espacios, todo en Bext Space est\u00e1 pensado para fomentar la convivencia, la libertad y el respeto mutuo.<\/p>\n\n\n\n<p>Creemos en hogares donde las diferencias no separan, sino que enriquecen, en comunidades donde cada historia cuenta, en espacios donde puedes ser t\u00fa mismo todos los d\u00edas del a\u00f1o.<\/p>\n\n\n\n<p>Descubre nuestras promociones y reserva tu espacio para vivir <strong><a href=\"https:\/\/www.esmadrid.com\/\" target=\"_blank\" rel=\"noopener\">Madrid con orgullo.<\/a><\/strong><\/p>","protected":false},"excerpt":{"rendered":"<p>El Orgullo Gay en Madrid 2025 convierte de nuevo a la ciudad en un referente mundial de diversidad, respeto y libertad. Durante varios d\u00edas, calles y plazas se llenan de color, m\u00fasica, cultura y reivindicaci\u00f3n. Si quieres vivirlo de cerca, sin renunciar a la comodidad y sinti\u00e9ndote en casa, Bext Space es tu mejor punto [&hellip;]<\/p>\n","protected":false},"author":1,"featured_media":31729,"comment_status":"closed","ping_status":"closed","sticky":false,"template":"","format":"standard","meta":{"footnotes":""},"categories":[19,30],"tags":[],"class_list":["post-31723","post","type-post","status-publish","format-standard","has-post-thumbnail","hentry","category-actualidad","category-turismo-y-lifestyle"],"_links":{"self":[{"href":"http:\/\/bextspace.com\/en\/wp-json\/wp\/v2\/posts\/31723","targetHints":{"allow":["GET"]}}],"collection":[{"href":"http:\/\/bextspace.com\/en\/wp-json\/wp\/v2\/posts"}],"about":[{"href":"http:\/\/bextspace.com\/en\/wp-json\/wp\/v2\/types\/post"}],"author":[{"embeddable":true,"href":"http:\/\/bextspace.com\/en\/wp-json\/wp\/v2\/users\/1"}],"replies":[{"embeddable":true,"href":"http:\/\/bextspace.com\/en\/wp-json\/wp\/v2\/comments?post=31723"}],"version-history":[{"count":0,"href":"http:\/\/bextspace.com\/en\/wp-json\/wp\/v2\/posts\/31723\/revisions"}],"wp:featuredmedia":[{"embeddable":true,"href":"http:\/\/bextspace.com\/en\/wp-json\/wp\/v2\/media\/31729"}],"wp:attachment":[{"href":"http:\/\/bextspace.com\/en\/wp-json\/wp\/v2\/media?parent=31723"}],"wp:term":[{"taxonomy":"category","embeddable":true,"href":"http:\/\/bextspace.com\/en\/wp-json\/wp\/v2\/categories?post=31723"},{"taxonomy":"post_tag","embeddable":true,"href":"http:\/\/bextspace.com\/en\/wp-json\/wp\/v2\/tags?post=31723"}],"curies":[{"name":"wp","href":"https:\/\/api.w.org\/{rel}","templated":true}]}}