{"id":14491,"date":"2023-12-27T09:30:44","date_gmt":"2023-12-27T08:30:44","guid":{"rendered":"http:\/\/bextspace.com\/?p=14491"},"modified":"2025-02-21T12:39:00","modified_gmt":"2025-02-21T11:39:00","slug":"sistemas-calefaccion-economicos","status":"publish","type":"post","link":"https:\/\/bextspace.com\/en\/sistemas-calefaccion-economicos\/","title":{"rendered":"Qu\u00e9 calefacci\u00f3n es m\u00e1s econ\u00f3mica"},"content":{"rendered":"<div data-elementor-type=\"wp-post\" data-elementor-id=\"14491\" class=\"elementor elementor-14491\" data-elementor-post-type=\"post\">\n\t\t\t\t\t\t<section class=\"elementor-section elementor-top-section elementor-element elementor-element-3e8514e1 elementor-section-boxed elementor-section-height-default elementor-section-height-default\" data-id=\"3e8514e1\" data-element_type=\"section\" data-e-type=\"section\">\n\t\t\t\t\t\t<div class=\"elementor-container elementor-column-gap-default\">\n\t\t\t\t\t<div class=\"elementor-column elementor-col-100 elementor-top-column elementor-element elementor-element-3f526cb4\" data-id=\"3f526cb4\" data-element_type=\"column\" data-e-type=\"column\">\n\t\t\t<div class=\"elementor-widget-wrap elementor-element-populated\">\n\t\t\t\t\t\t<div class=\"elementor-element elementor-element-5829074e elementor-widget elementor-widget-text-editor\" data-id=\"5829074e\" data-element_type=\"widget\" data-e-type=\"widget\" data-widget_type=\"text-editor.default\">\n\t\t\t\t<div class=\"elementor-widget-container\">\n\t\t\t\t\t\t\t\t\t<p><\/p>\n<p>El invierno no solo viene acompa\u00f1ado de las Navidades, sino que tambi\u00e9n trae el fr\u00edo a nuestros hogares y hace que tengamos que utilizar distintos sistemas para calentarnos, como es el caso de la calefacci\u00f3n.<\/p>\n<p><\/p>\n<p><\/p>\n<p>No obstante, con la subida del precio de la energ\u00eda que hemos experimentado los \u00faltimos a\u00f1os, el gasto de calefacci\u00f3n se ha convertido en una preocupaci\u00f3n creciente en la mayor parte de las viviendas. Por eso, en este art\u00edculo queremos adentrarnos en los distintos sistemas de calefacci\u00f3n que existen, conociendo cu\u00e1l es el m\u00e1s econ\u00f3mico de todos ellos.<\/p>\n<p><\/p>\n<p><\/p>\n<p><\/p>\n<p><\/p>\n<p><\/p>\n<div id=\"ez-toc-container\" class=\"ez-toc-v2_0_82_1 counter-hierarchy ez-toc-counter ez-toc-grey ez-toc-container-direction\">\n<div class=\"ez-toc-title-container\">\n<div class=\"ez-toc-title\" style=\"cursor:inherit\">Contenido del art\u00edculo<\/div>\n<span class=\"ez-toc-title-toggle\"><a href=\"#\" class=\"ez-toc-pull-right ez-toc-btn ez-toc-btn-xs ez-toc-btn-default ez-toc-toggle\" aria-label=\"Toggle Table of Content\"><span class=\"ez-toc-js-icon-con\"><span class=\"\"><span class=\"eztoc-hide\" style=\"display:none;\">Toggle<\/span><span class=\"ez-toc-icon-toggle-span\"><svg style=\"fill: #999;color:#999\" xmlns=\"http:\/\/www.w3.org\/2000\/svg\" class=\"list-377408\" width=\"20px\" height=\"20px\" viewbox=\"0 0 24 24\" fill=\"none\"><path d=\"M6 6H4v2h2V6zm14 0H8v2h12V6zM4 11h2v2H4v-2zm16 0H8v2h12v-2zM4 16h2v2H4v-2zm16 0H8v2h12v-2z\" fill=\"currentColor\"><\/path><\/svg><svg style=\"fill: #999;color:#999\" class=\"arrow-unsorted-368013\" xmlns=\"http:\/\/www.w3.org\/2000\/svg\" width=\"10px\" height=\"10px\" viewbox=\"0 0 24 24\" version=\"1.2\" baseprofile=\"tiny\"><path d=\"M18.2 9.3l-6.2-6.3-6.2 6.3c-.2.2-.3.4-.3.7s.1.5.3.7c.2.2.4.3.7.3h11c.3 0 .5-.1.7-.3.2-.2.3-.5.3-.7s-.1-.5-.3-.7zM5.8 14.7l6.2 6.3 6.2-6.3c.2-.2.3-.5.3-.7s-.1-.5-.3-.7c-.2-.2-.4-.3-.7-.3h-11c-.3 0-.5.1-.7.3-.2.2-.3.5-.3.7s.1.5.3.7z\"\/><\/svg><\/span><\/span><\/span><\/a><\/span><\/div>\n<nav><ul class='ez-toc-list ez-toc-list-level-1' ><li class='ez-toc-page-1 ez-toc-heading-level-2'><a class=\"ez-toc-link ez-toc-heading-1\" href=\"https:\/\/bextspace.com\/en\/sistemas-calefaccion-economicos\/#Sistemas_de_calefaccion_con_los_que_ahorraras_mas_en_tu_hogar\" >Sistemas de calefacci\u00f3n con los que ahorrar\u00e1s m\u00e1s en tu hogar<\/a><ul class='ez-toc-list-level-3' ><li class='ez-toc-heading-level-3'><a class=\"ez-toc-link ez-toc-heading-2\" href=\"https:\/\/bextspace.com\/en\/sistemas-calefaccion-economicos\/#Calefaccion_de_gas_natural\" >Calefacci\u00f3n de gas natural<\/a><\/li><li class='ez-toc-page-1 ez-toc-heading-level-3'><a class=\"ez-toc-link ez-toc-heading-3\" href=\"https:\/\/bextspace.com\/en\/sistemas-calefaccion-economicos\/#Calefaccion_de_gasoil\" >Calefacci\u00f3n de gasoil<\/a><\/li><li class='ez-toc-page-1 ez-toc-heading-level-3'><a class=\"ez-toc-link ez-toc-heading-4\" href=\"https:\/\/bextspace.com\/en\/sistemas-calefaccion-economicos\/#Calefaccion_electrica\" >Calefacci\u00f3n el\u00e9ctrica<\/a><\/li><li class='ez-toc-page-1 ez-toc-heading-level-3'><a class=\"ez-toc-link ez-toc-heading-5\" href=\"https:\/\/bextspace.com\/en\/sistemas-calefaccion-economicos\/#Calefaccion_con_gas_propano\" >Calefacci\u00f3n con gas propano<\/a><\/li><li class='ez-toc-page-1 ez-toc-heading-level-3'><a class=\"ez-toc-link ez-toc-heading-6\" href=\"https:\/\/bextspace.com\/en\/sistemas-calefaccion-economicos\/#Suelo_radiante\" >Suelo radiante<\/a><\/li><\/ul><\/li><li class='ez-toc-page-1 ez-toc-heading-level-2'><a class=\"ez-toc-link ez-toc-heading-7\" href=\"https:\/\/bextspace.com\/en\/sistemas-calefaccion-economicos\/#En_resumen\" >En resumen<\/a><\/li><\/ul><\/nav><\/div>\n<h2 class=\"wp-block-heading\"><span class=\"ez-toc-section\" id=\"Sistemas_de_calefaccion_con_los_que_ahorraras_mas_en_tu_hogar\"><\/span>Sistemas de calefacci\u00f3n con los que ahorrar\u00e1s m\u00e1s en tu hogar<span class=\"ez-toc-section-end\"><\/span><\/h2>\n<p><\/p>\n<p><\/p>\n<p>A la hora de calentar nuestro hogar podemos tener en cuenta distintas opciones: estufas, chimeneas y, por supuesto, la calefacci\u00f3n. Esta \u00faltima es la m\u00e1s com\u00fan y debemos saber que, dependiendo del tipo de caldera que instalemos en nuestra casa, podremos ahorrar m\u00e1s o menos a final de mes.<\/p>\n<p><\/p>\n<p><\/p>\n<p>Pero, para entender mejor las caracter\u00edsticas de cada tipo de calefacci\u00f3n, lo mejor es que entremos a analizar cada una de ellas con mayo detalle.<\/p>\n<p><\/p>\n<p><\/p>\n<p><\/p>\n<p><\/p>\n<p><\/p>\n<h3 class=\"wp-block-heading\"><span class=\"ez-toc-section\" id=\"Calefaccion_de_gas_natural\"><\/span>Calefacci\u00f3n de gas natural<span class=\"ez-toc-section-end\"><\/span><\/h3>\n<p><\/p>\n<p><\/p>\n<p>En l\u00edneas generales, podemos decir que la calefacci\u00f3n de gas natural es una de las m\u00e1s econ\u00f3micas que podemos encontrar en el mercado. Si bien es cierto que, con motivo de la crisis energ\u00e9tica, este combustible ha experimentado una subida de precios considerable durante los \u00faltimos a\u00f1os.<\/p>\n<p><\/p>\n<p><\/p>\n<p>Aun as\u00ed, se trata de una de las opciones m\u00e1s baratas y empleadas en Espa\u00f1a. Principalmente, porque tiene muchas ventajas:<\/p>\n<p><\/p>\n<p><\/p>\n<ul class=\"wp-block-list\">\n<li style=\"list-style-type: none;\">\n<ul><\/ul>\n<\/li>\n<\/ul>\n<ul>\n<li>No es necesario disponer de espacio adicional para almacenar el combustible.<\/li>\n<li>Se trata de una energ\u00eda eficiente y respetuosa con el medio ambiente.<\/li>\n<li>Es segura y, en un contexto normal, su precio es uno de los m\u00e1s econ\u00f3micos.<\/li>\n<\/ul>\n<p><\/p>\n<p><\/p>\n<p><\/p>\n<p><\/p>\n<p><\/p>\n<p><\/p>\n<p><\/p>\n<p><\/p>\n<p><\/p>\n<p>As\u00ed que, como podemos observar, en l\u00edneas generales se trata de una opci\u00f3n muy recomendable si buscamos conseguir un equilibrio entre eficiencia y ahorro.<\/p>\n<p><\/p>\n<p><\/p>\n<p><\/p>\n<p><\/p>\n<p><\/p>\n<h3 class=\"wp-block-heading\"><span class=\"ez-toc-section\" id=\"Calefaccion_de_gasoil\"><\/span>Calefacci\u00f3n de gasoil<span class=\"ez-toc-section-end\"><\/span><\/h3>\n<p><\/p>\n<p><\/p>\n<p>Las calderas de gasoil fueron muy habituales hace unos a\u00f1os, si bien su instalaci\u00f3n ha disminuido de manera considerable. Esto se debe, en parte, a que se trata de un combustible muy contaminante y tambi\u00e9n a que es necesario disponer de suficiente espacio en casa como para almacenar un dep\u00f3sito de gasoil.<\/p>\n<p><\/p>\n<p><\/p>\n<p>Adem\u00e1s, no debemos olvidar que el precio de este combustible es m\u00e1s elevado que el del gas natural, por lo que es una opci\u00f3n menos interesante.<\/p>\n<p><\/p>\n<p><\/p>\n<p><\/p>\n<p><\/p>\n<p><\/p>\n<h3 class=\"wp-block-heading\"><span class=\"ez-toc-section\" id=\"Calefaccion_electrica\"><\/span>Calefacci\u00f3n el\u00e9ctrica<span class=\"ez-toc-section-end\"><\/span><\/h3>\n<p><\/p>\n<p><\/p>\n<p>La calefacci\u00f3n el\u00e9ctrica ha despertado el inter\u00e9s de muchos consumidores durante los \u00faltimos a\u00f1os porque es muy c\u00f3moda de instalar y no ocupa espacio. No obstante, no debemos olvidar que se trata de una opci\u00f3n menos eficiente que el gas natural en t\u00e9rminos generales.<\/p>\n<p><\/p>\n<p><\/p>\n<p>Por otro lado, es importante tener en cuenta que la subida del precio de los combustibles tambi\u00e9n ha afectado al precio de la electricidad, por lo que tener una calefacci\u00f3n el\u00e9ctrica a d\u00eda de hoy es algo muy costoso.<\/p>\n<p><\/p>\n<p><\/p>\n<div style=\"height: 25px;\" aria-hidden=\"true\">&nbsp;<\/div>\n<p><\/p>\n<p><\/p>\n<h3 class=\"wp-block-heading\"><span class=\"ez-toc-section\" id=\"Calefaccion_con_gas_propano\"><\/span>Calefacci\u00f3n con gas propano<span class=\"ez-toc-section-end\"><\/span><\/h3>\n<p><\/p>\n<p><\/p>\n<p>Se trata de una energ\u00eda derivada del petr\u00f3leo que tiene un alto poder calor\u00edfico y que es muy accesible, aunque debemos tener en cuenta que es necesario contar con un espacio para almacenar el combustible y realizar la inversi\u00f3n de compra del mismo.<\/p>\n<p><\/p>\n<p><\/p>\n<p>Estos son dos de los motivos que hacen que a d\u00eda de hoy sea una alternativa no demasiado utilizada a d\u00eda de hoy por los consumidores.<\/p>\n<p><\/p>\n<h3><span class=\"ez-toc-section\" id=\"Suelo_radiante\"><\/span>Suelo radiante<span class=\"ez-toc-section-end\"><\/span><\/h3>\n<p><\/p>\n<p><\/p>\n<p>&nbsp;<span style=\"color: var( --e-global-color-text ); font-family: var( --e-global-typography-text-font-family ), Sans-serif; font-weight: var( --e-global-typography-text-font-weight );\">Finalmente, tenemos una \u00faltima alternativa, la calefacci\u00f3n por <a href=\"http:\/\/bextspace.com\/en\/cuanto-consume-una-instalacion-de-suelo-radiante\/\">suelo radiante el\u00e9ctrico<\/a> o suelo radiante convencional.<\/span><span style=\"color: var( --e-global-color-text ); font-family: var( --e-global-typography-text-font-family ), Sans-serif; font-weight: var( --e-global-typography-text-font-weight );\">&nbsp;<\/span>El suelo radiante es un sistema de calefacci\u00f3n que utiliza la superficie del suelo para irradiar calor de manera uniforme en un espacio. Es una opci\u00f3n de <strong>energ\u00eda limpia y eficiente<\/strong>, ya que funciona a bajas temperaturas, maximizando la eficiencia del sistema. Al distribuir el calor de manera homog\u00e9nea, el suelo radiante elimina puntos fr\u00edos y reduce la p\u00e9rdida de energ\u00eda.<\/p>\n<p><\/p>\n<h2><span class=\"ez-toc-section\" id=\"En_resumen\"><\/span>En resumen<span class=\"ez-toc-section-end\"><\/span><\/h2>\n<p><\/p>\n<p><\/p>\n<p>Como has podido ver, la calefacci\u00f3n de gas natural es una de las opciones m\u00e1s interesantes que podemos encontrarnos en el mercado a d\u00eda de hoy. No obstante, no debemos olvidar que cada d\u00eda surgen nuevas opciones m\u00e1s econ\u00f3micas y respetuosas con el medio ambiente, como son las energ\u00edas renovables.<\/p>\n<p><\/p>\n<p><\/p>\n<p>Sistemas que incorporamos en todas las viviendas en alquiler que tenemos disponibles en <a href=\"http:\/\/bextspace.com\/en\/\">Bext Space<\/a> para as\u00ed garantizar el m\u00e1ximo confort y ahorro para nuestros clientes. Echa un vistazo a los pisos de obra nueva que tenemos en alquiler, seguro que te sorprenden.<\/p>\n<p><\/p>\t\t\t\t\t\t\t\t<\/div>\n\t\t\t\t<\/div>\n\t\t\t\t\t<\/div>\n\t\t<\/div>\n\t\t\t\t\t<\/div>\n\t\t<\/section>\n\t\t\t\t<section class=\"elementor-section elementor-top-section elementor-element elementor-element-a492269 elementor-section-boxed elementor-section-height-default elementor-section-height-default\" data-id=\"a492269\" data-element_type=\"section\" data-e-type=\"section\">\n\t\t\t\t\t\t<div class=\"elementor-container elementor-column-gap-default\">\n\t\t\t\t\t<div class=\"elementor-column elementor-col-100 elementor-top-column elementor-element elementor-element-3a47031\" data-id=\"3a47031\" data-element_type=\"column\" data-e-type=\"column\">\n\t\t\t<div class=\"elementor-widget-wrap elementor-element-populated\">\n\t\t\t\t\t\t<div class=\"elementor-element elementor-element-251313c elementor-cta--skin-classic elementor-animated-content elementor-bg-transform elementor-bg-transform-zoom-in elementor-widget elementor-widget-global elementor-global-11679 elementor-widget-call-to-action\" data-id=\"251313c\" data-element_type=\"widget\" data-e-type=\"widget\" data-widget_type=\"call-to-action.default\">\n\t\t\t\t<div class=\"elementor-widget-container\">\n\t\t\t\t\t\t\t<a class=\"elementor-cta\" href=\"http:\/\/bextspace.com\/en\/bext-skyline\/\">\n\t\t\t\t\t<div class=\"elementor-cta__bg-wrapper\">\n\t\t\t\t<div class=\"elementor-cta__bg elementor-bg\" style=\"background-image: url(https:\/\/bextspace.com\/wp-content\/uploads\/2023\/11\/20-MAYO-Post-Skyline-2-scaled-1-1024x576.webp);\" role=\"img\" aria-label=\"edificio rascacielos bext space\"><\/div>\n\t\t\t\t<div class=\"elementor-cta__bg-overlay\"><\/div>\n\t\t\t<\/div>\n\t\t\t\t\t\t\t<div class=\"elementor-cta__content\">\n\t\t\t\t\n\t\t\t\t\t\t\t\t\t<div class=\"elementor-cta__title elementor-cta__content-item elementor-content-item\">\n\t\t\t\t\t\tConoce el alquiler de Bext Space en Madrid, Tetu\u00e1n\t\t\t\t\t<\/div>\n\t\t\t\t\n\t\t\t\t\t\t\t\t\t<div class=\"elementor-cta__description elementor-cta__content-item elementor-content-item\">\n\t\t\t\t\t\tBext Skyline es una edificio con viviendas de alquiler de obra nueva de 1, 2 y 3 dormitorios con terrazas, espectaculares vistas de Madrid y modernas y luminosas estancias. \t\t\t\t\t<\/div>\n\t\t\t\t\n\t\t\t\t\t\t\t\t\t<div class=\"elementor-cta__button-wrapper elementor-cta__content-item elementor-content-item\">\n\t\t\t\t\t<span class=\"elementor-cta__button elementor-button elementor-size-\">\n\t\t\t\t\t\t\u00a1Inf\u00f3rmate!\t\t\t\t\t<\/span>\n\t\t\t\t\t<\/div>\n\t\t\t\t\t\t\t<\/div>\n\t\t\t\t\t\t<\/a>\n\t\t\t\t\t\t<\/div>\n\t\t\t\t<\/div>\n\t\t\t\t\t<\/div>\n\t\t<\/div>\n\t\t\t\t\t<\/div>\n\t\t<\/section>\n\t\t\t\t<\/div>","protected":false},"excerpt":{"rendered":"<p>El invierno no solo viene acompa\u00f1ado de las Navidades, sino que tambi\u00e9n trae el fr\u00edo a nuestros hogares y hace que tengamos que utilizar distintos sistemas para calentarnos, como es el caso de la calefacci\u00f3n. No obstante, con la subida del precio de la energ\u00eda que hemos experimentado los \u00faltimos a\u00f1os, el gasto de calefacci\u00f3n [&hellip;]<\/p>\n","protected":false},"author":1,"featured_media":14494,"comment_status":"closed","ping_status":"closed","sticky":false,"template":"","format":"standard","meta":{"footnotes":""},"categories":[19],"tags":[],"class_list":["post-14491","post","type-post","status-publish","format-standard","has-post-thumbnail","hentry","category-actualidad"],"_links":{"self":[{"href":"https:\/\/bextspace.com\/en\/wp-json\/wp\/v2\/posts\/14491","targetHints":{"allow":["GET"]}}],"collection":[{"href":"https:\/\/bextspace.com\/en\/wp-json\/wp\/v2\/posts"}],"about":[{"href":"https:\/\/bextspace.com\/en\/wp-json\/wp\/v2\/types\/post"}],"author":[{"embeddable":true,"href":"https:\/\/bextspace.com\/en\/wp-json\/wp\/v2\/users\/1"}],"replies":[{"embeddable":true,"href":"https:\/\/bextspace.com\/en\/wp-json\/wp\/v2\/comments?post=14491"}],"version-history":[{"count":0,"href":"https:\/\/bextspace.com\/en\/wp-json\/wp\/v2\/posts\/14491\/revisions"}],"wp:featuredmedia":[{"embeddable":true,"href":"https:\/\/bextspace.com\/en\/wp-json\/wp\/v2\/media\/14494"}],"wp:attachment":[{"href":"https:\/\/bextspace.com\/en\/wp-json\/wp\/v2\/media?parent=14491"}],"wp:term":[{"taxonomy":"category","embeddable":true,"href":"https:\/\/bextspace.com\/en\/wp-json\/wp\/v2\/categories?post=14491"},{"taxonomy":"post_tag","embeddable":true,"href":"https:\/\/bextspace.com\/en\/wp-json\/wp\/v2\/tags?post=14491"}],"curies":[{"name":"wp","href":"https:\/\/api.w.org\/{rel}","templated":true}]}}