{"id":16679,"date":"2024-03-14T10:41:10","date_gmt":"2024-03-14T09:41:10","guid":{"rendered":"http:\/\/bextspace.com\/?p=16679"},"modified":"2025-02-21T12:38:50","modified_gmt":"2025-02-21T11:38:50","slug":"luz-calida-o-fria-cual-elegir-en-casa","status":"publish","type":"post","link":"https:\/\/bextspace.com\/en\/luz-calida-o-fria-cual-elegir-en-casa\/","title":{"rendered":"Luz c\u00e1lida o fr\u00eda, \u00bfcu\u00e1l usar en casa?"},"content":{"rendered":"<div data-elementor-type=\"wp-post\" data-elementor-id=\"16679\" class=\"elementor elementor-16679\" data-elementor-post-type=\"post\">\n\t\t\t\t\t\t<section class=\"elementor-section elementor-top-section elementor-element elementor-element-1a3abf51 elementor-section-boxed elementor-section-height-default elementor-section-height-default\" data-id=\"1a3abf51\" data-element_type=\"section\" data-e-type=\"section\">\n\t\t\t\t\t\t<div class=\"elementor-container elementor-column-gap-default\">\n\t\t\t\t\t<div class=\"elementor-column elementor-col-100 elementor-top-column elementor-element elementor-element-6aa99b05\" data-id=\"6aa99b05\" data-element_type=\"column\" data-e-type=\"column\">\n\t\t\t<div class=\"elementor-widget-wrap elementor-element-populated\">\n\t\t\t\t\t\t<div class=\"elementor-element elementor-element-502d39d1 elementor-widget elementor-widget-text-editor\" data-id=\"502d39d1\" data-element_type=\"widget\" data-e-type=\"widget\" data-widget_type=\"text-editor.default\">\n\t\t\t\t<div class=\"elementor-widget-container\">\n\t\t\t\t\t\t\t\t\t<p><\/p>\n<p>El tipo de iluminaci\u00f3n que escojamos para una vivienda puede jugar un papel fundamental en la decoraci\u00f3n de un espacio. Y es que, aunque no solemos darle la importancia que tiene, la luz puede ayudarnos a generar sensaci\u00f3n de amplitud en algunas zonas, entre otras cosas.<\/p>\n<p><\/p>\n<p><\/p>\n<p>Por eso, es necesario que elijamos aquel que pueda ayudarnos a sacarle el m\u00e1ximo partido a cada una de las estancias de nuestro hogar. Aunque para esta tarea primero debemos conocer en profundidad los dos tipos habituales: <b>luz c\u00e1lida y luz fr\u00eda<\/b>. En este post repasaremos cada una de ellas y conoceremos cu\u00e1l es mejor usar en cada habitaci\u00f3n de nuestra casa.<\/p>\n<p><\/p>\n<p><\/p>\n<div class=\"wp-block-spacer\" style=\"height: 50px;\" aria-hidden=\"true\">\u00a0<\/div>\n<p><\/p>\n<p><\/p>\n<div id=\"ez-toc-container\" class=\"ez-toc-v2_0_82_1 counter-hierarchy ez-toc-counter ez-toc-grey ez-toc-container-direction\">\n<div class=\"ez-toc-title-container\">\n<div class=\"ez-toc-title\" style=\"cursor:inherit\">Contenido del art\u00edculo<\/div>\n<span class=\"ez-toc-title-toggle\"><a href=\"#\" class=\"ez-toc-pull-right ez-toc-btn ez-toc-btn-xs ez-toc-btn-default ez-toc-toggle\" aria-label=\"Toggle Table of Content\"><span class=\"ez-toc-js-icon-con\"><span class=\"\"><span class=\"eztoc-hide\" style=\"display:none;\">Toggle<\/span><span class=\"ez-toc-icon-toggle-span\"><svg style=\"fill: #999;color:#999\" xmlns=\"http:\/\/www.w3.org\/2000\/svg\" class=\"list-377408\" width=\"20px\" height=\"20px\" viewbox=\"0 0 24 24\" fill=\"none\"><path d=\"M6 6H4v2h2V6zm14 0H8v2h12V6zM4 11h2v2H4v-2zm16 0H8v2h12v-2zM4 16h2v2H4v-2zm16 0H8v2h12v-2z\" fill=\"currentColor\"><\/path><\/svg><svg style=\"fill: #999;color:#999\" class=\"arrow-unsorted-368013\" xmlns=\"http:\/\/www.w3.org\/2000\/svg\" width=\"10px\" height=\"10px\" viewbox=\"0 0 24 24\" version=\"1.2\" baseprofile=\"tiny\"><path d=\"M18.2 9.3l-6.2-6.3-6.2 6.3c-.2.2-.3.4-.3.7s.1.5.3.7c.2.2.4.3.7.3h11c.3 0 .5-.1.7-.3.2-.2.3-.5.3-.7s-.1-.5-.3-.7zM5.8 14.7l6.2 6.3 6.2-6.3c.2-.2.3-.5.3-.7s-.1-.5-.3-.7c-.2-.2-.4-.3-.7-.3h-11c-.3 0-.5.1-.7.3-.2.2-.3.5-.3.7s.1.5.3.7z\"\/><\/svg><\/span><\/span><\/span><\/a><\/span><\/div>\n<nav><ul class='ez-toc-list ez-toc-list-level-1' ><li class='ez-toc-page-1 ez-toc-heading-level-2'><a class=\"ez-toc-link ez-toc-heading-1\" href=\"https:\/\/bextspace.com\/en\/luz-calida-o-fria-cual-elegir-en-casa\/#%C2%BFCual_es_la_principal_diferencia_entre_la_luz_calida_o_fria\" >\u00bfCu\u00e1l es la principal diferencia entre la luz c\u00e1lida o fr\u00eda?<\/a><\/li><li class='ez-toc-page-1 ez-toc-heading-level-2'><a class=\"ez-toc-link ez-toc-heading-2\" href=\"https:\/\/bextspace.com\/en\/luz-calida-o-fria-cual-elegir-en-casa\/#Recomendaciones_de_luz_para_cada_estancia\" >Recomendaciones de luz para cada estancia<\/a><ul class='ez-toc-list-level-3' ><li class='ez-toc-heading-level-3'><a class=\"ez-toc-link ez-toc-heading-3\" href=\"https:\/\/bextspace.com\/en\/luz-calida-o-fria-cual-elegir-en-casa\/#En_salones\" >En salones<\/a><\/li><li class='ez-toc-page-1 ez-toc-heading-level-3'><a class=\"ez-toc-link ez-toc-heading-4\" href=\"https:\/\/bextspace.com\/en\/luz-calida-o-fria-cual-elegir-en-casa\/#Cocinas\" >Cocinas<\/a><\/li><li class='ez-toc-page-1 ez-toc-heading-level-3'><a class=\"ez-toc-link ez-toc-heading-5\" href=\"https:\/\/bextspace.com\/en\/luz-calida-o-fria-cual-elegir-en-casa\/#Dormitorios\" >Bedrooms<\/a><\/li><li class='ez-toc-page-1 ez-toc-heading-level-3'><a class=\"ez-toc-link ez-toc-heading-6\" href=\"https:\/\/bextspace.com\/en\/luz-calida-o-fria-cual-elegir-en-casa\/#Banos\" >Ba\u00f1os<\/a><\/li><li class='ez-toc-page-1 ez-toc-heading-level-3'><a class=\"ez-toc-link ez-toc-heading-7\" href=\"https:\/\/bextspace.com\/en\/luz-calida-o-fria-cual-elegir-en-casa\/#Terrazas_exteriores\" >Terrazas exteriores<\/a><\/li><\/ul><\/li><li class='ez-toc-page-1 ez-toc-heading-level-2'><a class=\"ez-toc-link ez-toc-heading-8\" href=\"https:\/\/bextspace.com\/en\/luz-calida-o-fria-cual-elegir-en-casa\/#Se_pueden_combinar_ambas_luces_en_la_misma_estancia\" >Se pueden combinar ambas luces en la misma estancia<\/a><\/li><li class='ez-toc-page-1 ez-toc-heading-level-2'><a class=\"ez-toc-link ez-toc-heading-9\" href=\"https:\/\/bextspace.com\/en\/luz-calida-o-fria-cual-elegir-en-casa\/#Conclusiones\" >Conclusiones<\/a><\/li><\/ul><\/nav><\/div>\n<h2 class=\"wp-block-heading\"><span class=\"ez-toc-section\" id=\"%C2%BFCual_es_la_principal_diferencia_entre_la_luz_calida_o_fria\"><\/span>\u00bfCu\u00e1l es la principal diferencia entre la luz c\u00e1lida o fr\u00eda?<span class=\"ez-toc-section-end\"><\/span><\/h2>\n<p><\/p>\n<p><\/p>\n<p>Cuando hablamos de luz c\u00e1lida o luz fr\u00eda, realmente lo que hacemos es aludir a la temperatura del color de la luz. De esta forma, en la c\u00e1lida predominan los tonos \u00e1mbar, mientras que la fr\u00eda se caracteriza por tonalidades blancas o azules.<\/p>\n<p><\/p>\n<p><\/p>\n<p>Estos colores son los que hacen que el ambiente de una estancia sea de una determinada forma u otra. Por ejemplo, si optamos por la luz \u00e1mbar, la sensaci\u00f3n ser\u00e1 m\u00e1s acogedora y cl\u00e1sica, ya que este color se asocia m\u00e1s con un estilo vintage. Mientras que, si optamos por el blanco, crearemos un <a href=\"http:\/\/bextspace.com\/en\/habitaciones-modernas\/\">estilo m\u00e1s moderno en la habitaci\u00f3n<\/a> y con un ambiente m\u00e1s relajante.<\/p>\n<p><\/p>\n<p><\/p>\n<p>Conocidas entonces la diferencia, en el siguiente punto vamos a adentrarnos en cu\u00e1les son las mejores luces para cada una de las estancias de nuestro hogar.<\/p>\n<p><\/p>\n<p><\/p>\n<div class=\"wp-block-spacer\" style=\"height: 50px;\" aria-hidden=\"true\">\u00a0<\/div>\n<p><\/p>\n<p><\/p>\n<h2 class=\"wp-block-heading\"><span class=\"ez-toc-section\" id=\"Recomendaciones_de_luz_para_cada_estancia\"><\/span>Recomendaciones de luz para cada estancia<span class=\"ez-toc-section-end\"><\/span><\/h2>\n<p><\/p>\n<p><\/p>\n<p>Cada habitaci\u00f3n de nuestra casa est\u00e1 destinada a un tipo de actividad distinta y, precisamente por ello, necesitamos que la iluminaci\u00f3n elegida cumpla con ese objetivo. Veamos entonces cu\u00e1les son las luces m\u00e1s adecuadas seg\u00fan el rinc\u00f3n de nuestra casa que queramos decorar.<\/p>\n<p><\/p>\n<p><\/p>\n<div class=\"wp-block-spacer\" style=\"height: 30px;\" aria-hidden=\"true\">\u00a0<\/div>\n<p><\/p>\n<p><\/p>\n<h3 class=\"wp-block-heading\"><span class=\"ez-toc-section\" id=\"En_salones\"><\/span>En salones<span class=\"ez-toc-section-end\"><\/span><\/h3>\n<p><\/p>\n<p><\/p>\n<p>Existen <b>habitaciones en las que es necesario generar un ambiente c\u00e1lido y suave<\/b>, como puede ser el sal\u00f3n, un comedor o la sala de estar. Por eso, en este tipo de estancias lo mejor es optar por una luz c\u00e1lida, ya que resulta m\u00e1s acogedora.<\/p>\n<p><\/p>\n<p><\/p>\n<p>Adem\u00e1s, si queremos conseguir un ahorro importante en la iluminaci\u00f3n de nuestro sal\u00f3n, lo m\u00e1s recomendable es optar por luces de tipo LED.<\/p>\n<p><\/p>\n<p><\/p>\n<div class=\"wp-block-spacer\" style=\"height: 30px;\" aria-hidden=\"true\">\u00a0<\/div>\n<p><\/p>\n<p><\/p>\n<h3 class=\"wp-block-heading\"><span class=\"ez-toc-section\" id=\"Cocinas\"><\/span>Cocinas<span class=\"ez-toc-section-end\"><\/span><\/h3>\n<p><\/p>\n<p><\/p>\n<p>En la cocina, sin embargo, es mucho m\u00e1s habitual <b>emplear una luz fr\u00eda<\/b>, puesto que esta aporta m\u00e1s luminosidad y nos permite ver mejor lo que estamos haciendo. Es m\u00e1s, si se opta por colocar una luz c\u00e1lida en la cocina, ser\u00e1 necesario emplear un foco m\u00e1s peque\u00f1o de luz fr\u00eda en zonas como la encimera. De lo contrario, a la hora de cortar los alimentos para cocinarlos, corremos el riesgo de cortarnos.<\/p>\n<p><\/p>\n<p><\/p>\n<div class=\"wp-block-spacer\" style=\"height: 30px;\" aria-hidden=\"true\">\u00a0<\/div>\n<p><\/p>\n<p><\/p>\n<h3 class=\"wp-block-heading\"><span class=\"ez-toc-section\" id=\"Dormitorios\"><\/span>Bedrooms<span class=\"ez-toc-section-end\"><\/span><\/h3>\n<p><\/p>\n<p><\/p>\n<p>Respecto al dormitorio, la <b>luz c\u00e1lida<\/b> suele ser la preferida para el dormitorio, ya que crea una atm\u00f3sfera relajante que promueve el descanso y la relajaci\u00f3n. Dos factores especialmente importantes si tenemos en cuenta que muchas personas tienen problemas a la hora de conciliar el sue\u00f1o.<\/p>\n<p><\/p>\n<p><\/p>\n<div class=\"wp-block-spacer\" style=\"height: 30px;\" aria-hidden=\"true\">\u00a0<\/div>\n<p><\/p>\n<p><\/p>\n<h3 class=\"wp-block-heading\"><span class=\"ez-toc-section\" id=\"Banos\"><\/span>Ba\u00f1os<span class=\"ez-toc-section-end\"><\/span><\/h3>\n<p><\/p>\n<p><\/p>\n<p>En lo referente al cuarto de ba\u00f1o, por el contrario, se suele elegir m\u00e1s la <b>luz blanca<\/b>. Los motivos est\u00e1n relacionados con el hecho de que esta luz aporta mayor sensaci\u00f3n de limpieza y claridad. Algo esencial si tenemos en cuenta que este tipo de habitaciones muchas veces se caracterizan por tener pocos puntos de luz, lo que dificulta la visibilidad.<\/p>\n<p><\/p>\n<p><\/p>\n<div class=\"wp-block-spacer\" style=\"height: 30px;\" aria-hidden=\"true\">\u00a0<\/div>\n<p><\/p>\n<p><\/p>\n<h3 class=\"wp-block-heading\"><span class=\"ez-toc-section\" id=\"Terrazas_exteriores\"><\/span>Terrazas exteriores<span class=\"ez-toc-section-end\"><\/span><\/h3>\n<p><\/p>\n<p><\/p>\n<p>Finalmente, no debemos olvidar las terrazas exteriores o balcones, lugares en los cuales la iluminaci\u00f3n es clave. En este caso, y dado que el objetivo de este tipo de espacios suele estar vinculado con la relajaci\u00f3n, lo mejor es optar por <b>luces tenues<\/b> en colores c\u00e1lidos.<\/p>\n<p><\/p>\n<p><\/p>\n<p>No solo porque puedan ayudarnos a generar ese ambiente acogedor que buscamos, sino tambi\u00e9n porque le dan ese toque de festividad que puede venirnos tan bien cuando realicemos alguna reuni\u00f3n con amigos.<\/p>\n<p><\/p>\n<p><\/p>\n<div class=\"wp-block-spacer\" style=\"height: 50px;\" aria-hidden=\"true\">\u00a0<\/div>\n<p><\/p>\n<p><\/p>\n<h2 class=\"wp-block-heading\"><span class=\"ez-toc-section\" id=\"Se_pueden_combinar_ambas_luces_en_la_misma_estancia\"><\/span>Se pueden combinar ambas luces en la misma estancia<span class=\"ez-toc-section-end\"><\/span><\/h2>\n<p><\/p>\n<p><\/p>\n<p>Aunque ya lo hemos adelantado m\u00e1s arriba, te confirmamos que s\u00ed pueden <b>combinarse ambos tipos de luz<\/b> en una misma estancia. Todo depender\u00e1 de los ambientes que queramos generar dentro de la misma. Por ejemplo, podemos tener luz c\u00e1lida en el sal\u00f3n para crear un ambiente acogedor, pero colocar un punto de luz fr\u00eda en un rinc\u00f3n de lectura.<\/p>\n<p><\/p>\n<p><\/p>\n<p>Por eso es fundamental analizar en detalle los distintos usos que queremos darle a una decoraci\u00f3n y establecer un estilo decorativo acorde con ellos.<\/p>\n<p><\/p>\n<p><\/p>\n<div class=\"wp-block-spacer\" style=\"height: 50px;\" aria-hidden=\"true\">\u00a0<\/div>\n<p><\/p>\n<p><\/p>\n<h2 class=\"wp-block-heading\"><span class=\"ez-toc-section\" id=\"Conclusiones\"><\/span>Conclusiones<span class=\"ez-toc-section-end\"><\/span><\/h2>\n<p><\/p>\n<p><\/p>\n<p>Como has visto, elegir la luz m\u00e1s adecuada para cada una de las estancias de tu casa es m\u00e1s importante de lo que pueda parecer en un primer momento. De ah\u00ed que, en <a href=\"http:\/\/bextspace.com\/en\/\">Bext Space<\/a>, hayamos dedicado un valioso tiempo en seleccionar las luces id\u00f3neas para cada una de las estancias de nuestras viviendas de obra nueva en alquiler. Te animamos a que les eches un vistazo.<\/p>\n<p><\/p>\t\t\t\t\t\t\t\t<\/div>\n\t\t\t\t<\/div>\n\t\t\t\t\t<\/div>\n\t\t<\/div>\n\t\t\t\t\t<\/div>\n\t\t<\/section>\n\t\t\t\t<section class=\"elementor-section elementor-top-section elementor-element elementor-element-49bb9d2 elementor-section-boxed elementor-section-height-default elementor-section-height-default\" data-id=\"49bb9d2\" data-element_type=\"section\" data-e-type=\"section\">\n\t\t\t\t\t\t<div class=\"elementor-container elementor-column-gap-default\">\n\t\t\t\t\t<div class=\"elementor-column elementor-col-100 elementor-top-column elementor-element elementor-element-05c070b\" data-id=\"05c070b\" data-element_type=\"column\" data-e-type=\"column\">\n\t\t\t<div class=\"elementor-widget-wrap elementor-element-populated\">\n\t\t\t\t\t\t<div class=\"elementor-element elementor-element-e97fd0f elementor-cta--skin-classic elementor-animated-content elementor-bg-transform elementor-bg-transform-zoom-in elementor-widget elementor-widget-global elementor-global-11679 elementor-widget-call-to-action\" data-id=\"e97fd0f\" data-element_type=\"widget\" data-e-type=\"widget\" data-widget_type=\"call-to-action.default\">\n\t\t\t\t<div class=\"elementor-widget-container\">\n\t\t\t\t\t\t\t<a class=\"elementor-cta\" href=\"http:\/\/bextspace.com\/en\/bext-skyline\/\">\n\t\t\t\t\t<div class=\"elementor-cta__bg-wrapper\">\n\t\t\t\t<div class=\"elementor-cta__bg elementor-bg\" style=\"background-image: url(https:\/\/bextspace.com\/wp-content\/uploads\/2023\/11\/20-MAYO-Post-Skyline-2-scaled-1-1024x576.webp);\" role=\"img\" aria-label=\"edificio rascacielos bext space\"><\/div>\n\t\t\t\t<div class=\"elementor-cta__bg-overlay\"><\/div>\n\t\t\t<\/div>\n\t\t\t\t\t\t\t<div class=\"elementor-cta__content\">\n\t\t\t\t\n\t\t\t\t\t\t\t\t\t<div class=\"elementor-cta__title elementor-cta__content-item elementor-content-item\">\n\t\t\t\t\t\tConoce el alquiler de Bext Space en Madrid, Tetu\u00e1n\t\t\t\t\t<\/div>\n\t\t\t\t\n\t\t\t\t\t\t\t\t\t<div class=\"elementor-cta__description elementor-cta__content-item elementor-content-item\">\n\t\t\t\t\t\tBext Skyline es una edificio con viviendas de alquiler de obra nueva de 1, 2 y 3 dormitorios con terrazas, espectaculares vistas de Madrid y modernas y luminosas estancias. \t\t\t\t\t<\/div>\n\t\t\t\t\n\t\t\t\t\t\t\t\t\t<div class=\"elementor-cta__button-wrapper elementor-cta__content-item elementor-content-item\">\n\t\t\t\t\t<span class=\"elementor-cta__button elementor-button elementor-size-\">\n\t\t\t\t\t\t\u00a1Inf\u00f3rmate!\t\t\t\t\t<\/span>\n\t\t\t\t\t<\/div>\n\t\t\t\t\t\t\t<\/div>\n\t\t\t\t\t\t<\/a>\n\t\t\t\t\t\t<\/div>\n\t\t\t\t<\/div>\n\t\t\t\t\t<\/div>\n\t\t<\/div>\n\t\t\t\t\t<\/div>\n\t\t<\/section>\n\t\t\t\t<\/div>","protected":false},"excerpt":{"rendered":"<p>El tipo de iluminaci\u00f3n que escojamos para una vivienda puede jugar un papel fundamental en la decoraci\u00f3n de un espacio. Y es que, aunque no solemos darle la importancia que tiene, la luz puede ayudarnos a generar sensaci\u00f3n de amplitud en algunas zonas, entre otras cosas. Por eso, es necesario que elijamos aquel que pueda [&hellip;]<\/p>\n","protected":false},"author":1,"featured_media":16680,"comment_status":"closed","ping_status":"closed","sticky":false,"template":"","format":"standard","meta":{"footnotes":""},"categories":[25],"tags":[],"class_list":["post-16679","post","type-post","status-publish","format-standard","has-post-thumbnail","hentry","category-decoracion"],"_links":{"self":[{"href":"https:\/\/bextspace.com\/en\/wp-json\/wp\/v2\/posts\/16679","targetHints":{"allow":["GET"]}}],"collection":[{"href":"https:\/\/bextspace.com\/en\/wp-json\/wp\/v2\/posts"}],"about":[{"href":"https:\/\/bextspace.com\/en\/wp-json\/wp\/v2\/types\/post"}],"author":[{"embeddable":true,"href":"https:\/\/bextspace.com\/en\/wp-json\/wp\/v2\/users\/1"}],"replies":[{"embeddable":true,"href":"https:\/\/bextspace.com\/en\/wp-json\/wp\/v2\/comments?post=16679"}],"version-history":[{"count":0,"href":"https:\/\/bextspace.com\/en\/wp-json\/wp\/v2\/posts\/16679\/revisions"}],"wp:featuredmedia":[{"embeddable":true,"href":"https:\/\/bextspace.com\/en\/wp-json\/wp\/v2\/media\/16680"}],"wp:attachment":[{"href":"https:\/\/bextspace.com\/en\/wp-json\/wp\/v2\/media?parent=16679"}],"wp:term":[{"taxonomy":"category","embeddable":true,"href":"https:\/\/bextspace.com\/en\/wp-json\/wp\/v2\/categories?post=16679"},{"taxonomy":"post_tag","embeddable":true,"href":"https:\/\/bextspace.com\/en\/wp-json\/wp\/v2\/tags?post=16679"}],"curies":[{"name":"wp","href":"https:\/\/api.w.org\/{rel}","templated":true}]}}