{"id":29920,"date":"2025-05-12T10:59:00","date_gmt":"2025-05-12T08:59:00","guid":{"rendered":"http:\/\/bextspace.com\/?p=29920"},"modified":"2025-05-14T10:35:42","modified_gmt":"2025-05-14T08:35:42","slug":"inauguracion-de-bext-valdebebas","status":"publish","type":"post","link":"https:\/\/bextspace.com\/en\/inauguracion-de-bext-valdebebas\/","title":{"rendered":"Inauguraci\u00f3n de Bext Valdebebas"},"content":{"rendered":"<p>Un nuevo proyecto residencial abre sus puertas en una de las zonas con mayor proyecci\u00f3n de Madrid. Celebramos la <strong>inauguraci\u00f3n de Bext Valdebebas<\/strong> contigo. El lanzamiento de esta promoci\u00f3n refuerza la apuesta de <strong><a href=\"http:\/\/bextspace.com\/en\/\" data-type=\"link\" data-id=\"bextspace.com\">Bext Space<\/a><\/strong> por un modelo de vivienda eficiente, bien conectada y pensada para el bienestar de las personas.<\/p>\n\n\n\n<p><strong>BEXT Valdebebas<\/strong> ofrece viviendas modernas, rodeadas de zonas verdes y con todos los servicios a un paso. Una propuesta que combina dise\u00f1o, sostenibilidad y calidad, en un <strong><a href=\"http:\/\/bextspace.com\/en\/planes-para-hacer-en-valdebebas\/\" data-type=\"post\" data-id=\"28093\">entorno cada vez m\u00e1s consolidado y atractivo<\/a><\/strong> tanto para vivir como para invertir.<\/p>\n\n\n\n<div id=\"ez-toc-container\" class=\"ez-toc-v2_0_82_1 counter-hierarchy ez-toc-counter ez-toc-grey ez-toc-container-direction\">\n<div class=\"ez-toc-title-container\">\n<div class=\"ez-toc-title\" style=\"cursor:inherit\">Contenido del art\u00edculo<\/div>\n<span class=\"ez-toc-title-toggle\"><a href=\"#\" class=\"ez-toc-pull-right ez-toc-btn ez-toc-btn-xs ez-toc-btn-default ez-toc-toggle\" aria-label=\"Toggle Table of Content\"><span class=\"ez-toc-js-icon-con\"><span class=\"\"><span class=\"eztoc-hide\" style=\"display:none;\">Toggle<\/span><span class=\"ez-toc-icon-toggle-span\"><svg style=\"fill: #999;color:#999\" xmlns=\"http:\/\/www.w3.org\/2000\/svg\" class=\"list-377408\" width=\"20px\" height=\"20px\" viewbox=\"0 0 24 24\" fill=\"none\"><path d=\"M6 6H4v2h2V6zm14 0H8v2h12V6zM4 11h2v2H4v-2zm16 0H8v2h12v-2zM4 16h2v2H4v-2zm16 0H8v2h12v-2z\" fill=\"currentColor\"><\/path><\/svg><svg style=\"fill: #999;color:#999\" class=\"arrow-unsorted-368013\" xmlns=\"http:\/\/www.w3.org\/2000\/svg\" width=\"10px\" height=\"10px\" viewbox=\"0 0 24 24\" version=\"1.2\" baseprofile=\"tiny\"><path d=\"M18.2 9.3l-6.2-6.3-6.2 6.3c-.2.2-.3.4-.3.7s.1.5.3.7c.2.2.4.3.7.3h11c.3 0 .5-.1.7-.3.2-.2.3-.5.3-.7s-.1-.5-.3-.7zM5.8 14.7l6.2 6.3 6.2-6.3c.2-.2.3-.5.3-.7s-.1-.5-.3-.7c-.2-.2-.4-.3-.7-.3h-11c-.3 0-.5.1-.7.3-.2.2-.3.5-.3.7s.1.5.3.7z\"\/><\/svg><\/span><\/span><\/span><\/a><\/span><\/div>\n<nav><ul class='ez-toc-list ez-toc-list-level-1' ><li class='ez-toc-page-1 ez-toc-heading-level-1'><a class=\"ez-toc-link ez-toc-heading-1\" href=\"https:\/\/bextspace.com\/en\/inauguracion-de-bext-valdebebas\/#Ubicacion_de_Bext_Valdebebas_y_alrededores\" >Ubicaci\u00f3n de Bext Valdebebas y alrededores<\/a><ul class='ez-toc-list-level-2' ><li class='ez-toc-heading-level-2'><a class=\"ez-toc-link ez-toc-heading-2\" href=\"https:\/\/bextspace.com\/en\/inauguracion-de-bext-valdebebas\/#Tipos_de_viviendas_y_caracteristicas_de_Bext_Valdebebas\" >Tipos de viviendas y caracter\u00edsticas de Bext Valdebebas<\/a><\/li><li class='ez-toc-page-1 ez-toc-heading-level-2'><a class=\"ez-toc-link ez-toc-heading-3\" href=\"https:\/\/bextspace.com\/en\/inauguracion-de-bext-valdebebas\/#Espacios_Comunes_y_Amenities_de_Bext_Valdebebas\" >Espacios Comunes y Amenities de Bext Valdebebas<\/a><\/li><li class='ez-toc-page-1 ez-toc-heading-level-2'><a class=\"ez-toc-link ez-toc-heading-4\" href=\"https:\/\/bextspace.com\/en\/inauguracion-de-bext-valdebebas\/#Inauguracion_de_Bext_Valdebebas\" >Inauguraci\u00f3n de Bext Valdebebas<\/a><\/li><\/ul><\/li><\/ul><\/nav><\/div>\n<h1 class=\"wp-block-heading\"><span class=\"ez-toc-section\" id=\"Ubicacion_de_Bext_Valdebebas_y_alrededores\"><\/span><a><\/a>Ubicaci\u00f3n de Bext Valdebebas y alrededores<span class=\"ez-toc-section-end\"><\/span><\/h1>\n\n\n\n<p>Empezar una nueva etapa no siempre implica comprar, a veces, lo que necesitas es un lugar que se adapte a tu ritmo, sin compromisos a largo plazo ni esperas eternas. <\/p>\n\n\n\n<p>Por eso, <strong><a href=\"http:\/\/bextspace.com\/en\/bext-valdebebas\/\" data-type=\"page\" data-id=\"23693\">Bext Valdebebas<\/a><\/strong> no es solo un espacio para vivir, es una forma flexible de estrenar tu nuevo hogar sin ataduras: totalmente amueblado, listo para entrar y con todo pensado para que empieces a disfrutar desde el primer d\u00eda. \u00bfLo mejor? Est\u00e1 en uno de los <strong><a href=\"https:\/\/valdebebas.es\/\" data-type=\"link\" data-id=\"https:\/\/valdebebas.es\/\" target=\"_blank\" rel=\"noopener\">barrios con m\u00e1s futuro de Madrid<\/a><\/strong>, donde el entorno y la tranquilidad se unen para que disfrutes al m\u00e1ximo.<\/p>\n\n\n\n<p>Valdebebas destaca por su excelente conexi\u00f3n con el resto de la ciudad. Desde aqu\u00ed puedes moverte con agilidad gracias a su acceso directo a la M-11, M-40 y M-12, adem\u00e1s de su proximidad al aeropuerto <strong><a href=\"https:\/\/www.aena.es\/es\/adolfo-suarez-madrid-barajas.html\" target=\"_blank\" rel=\"noreferrer noopener\">Adolfo Su\u00e1rez Madrid-Barajas<\/a><\/strong> o<strong> <a href=\"https:\/\/www.ifema.es\/\" target=\"_blank\" rel=\"noopener\">IFEMA<\/a>.<\/strong> Tambi\u00e9n cuenta con estaci\u00f3n de Cercan\u00edas (l\u00ednea C-1) y buena conexi\u00f3n con Sanchinarro, Campo de las Naciones o Arturo Soria.<\/p>\n\n\n\n<figure class=\"wp-block-image size-full\"><img fetchpriority=\"high\" decoding=\"async\" width=\"1010\" height=\"673\" src=\"http:\/\/bextspace.com\/wp-content\/uploads\/2025\/05\/parque_valdebebas.jpg\" alt=\"d\u00f3nde se encuentra \u2714 bext Valdebebas de Bext Space | Saber m\u00e1s bextspace.com\" class=\"wp-image-29921\" srcset=\"https:\/\/bextspace.com\/wp-content\/uploads\/2025\/05\/parque_valdebebas.jpg 1010w, https:\/\/bextspace.com\/wp-content\/uploads\/2025\/05\/parque_valdebebas-300x200.jpg 300w, https:\/\/bextspace.com\/wp-content\/uploads\/2025\/05\/parque_valdebebas-768x512.jpg 768w, https:\/\/bextspace.com\/wp-content\/uploads\/2025\/05\/parque_valdebebas-18x12.jpg 18w\" sizes=\"(max-width: 1010px) 100vw, 1010px\" \/><\/figure>\n\n\n\n<p>Moverse nunca fue tan f\u00e1cil, tanto si trabajas en otra zona como si sueles desplazarte por reuniones, escapadas o eventos, desde Valdebebas todo queda a un trayecto directo y c\u00f3modo de ti. Esto convierte al barrio en una de las zonas m\u00e1s pr\u00e1cticas para<strong> <a href=\"http:\/\/bextspace.com\/en\/viviendas-de-alquiler-temporal-en-madrid\/\" data-type=\"post\" data-id=\"28234\">vivir en Madrid<\/a><\/strong> sin renunciar a la tranquilidad.<\/p>\n\n\n\n<p>Pero m\u00e1s all\u00e1 de las rutas, lo que hace especial a <strong>Valdebebas <\/strong>es su equilibrio: naturaleza, dise\u00f1o urbano, tranquilidad y todos los servicios que necesitas en tu d\u00eda a d\u00eda.<\/p>\n\n\n\n<p>Uno de sus mayores atractivos es el <strong><a href=\"http:\/\/bextspace.com\/en\/como-es-vivir-en-valdebebas\/\" data-type=\"post\" data-id=\"27601\">Parque Forestal de Valdebebas-Felipe VI<\/a><\/strong>, un enorme espacio verde ideal para quienes disfrutan de correr al aire libre, hacer yoga al sol, pasear con su perro o simplemente sentarse a leer en silencio. Y si tienes hijos, es un lujo contar con tantas zonas para que jueguen en un entorno seguro.<\/p>\n\n\n\n<p><strong>En pocos sitios puedes tener ciudad y naturaleza tan bien integradas. Y eso, se nota en tu calidad de vida.<\/strong> Valdebebas es ese tipo de barrio que mejora tu rutina casi sin darte cuenta.<\/p>\n\n\n\n<div style=\"height:30px\" aria-hidden=\"true\" class=\"wp-block-spacer\"><\/div>\n\n\n\n<h2 class=\"wp-block-heading\"><span class=\"ez-toc-section\" id=\"Tipos_de_viviendas_y_caracteristicas_de_Bext_Valdebebas\"><\/span><a><\/a>Tipos de viviendas y caracter\u00edsticas de Bext Valdebebas<span class=\"ez-toc-section-end\"><\/span><\/h2>\n\n\n\n<p>En <strong><a href=\"http:\/\/bextspace.com\/en\/bext-valdebebas\/\" data-type=\"page\" data-id=\"23693\">Bext Valdebebas<\/a><\/strong> lo vas a estrenar todo. Por eso te invitamos a la <strong>inauguraci\u00f3n de Bext Valdebebas, <\/strong>para que descubras todo lo que tenemos para ofrecerte. <\/p>\n\n\n\n<p>Aqu\u00ed no se trata solo de mudarse, sino de empezar una nueva etapa con <strong>todo listo: muebles, electrodom\u00e9sticos, dise\u00f1o cuidado y espacios pensados<\/strong> para que te sientas a gusto desde el minuto uno.<\/p>\n\n\n\n<p>\u00bfTe imaginas llegar con tu maleta y ponerte a preparar un caf\u00e9 en tu cocina reci\u00e9n equipada? Aqu\u00ed puedes hacerlo.<\/p>\n\n\n\n<p>Tienes <strong>tres tipos de viviendas<\/strong> para elegir, seg\u00fan tu momento vital:<\/p>\n\n\n\n<ul class=\"wp-block-list\">\n<li><strong>Estudios<\/strong>:<strong> ideales si vives solo<\/strong>, te mueves ligero o simplemente quieres un espacio funcional y bien aprovechado. Perfecto si trabajas fuera casi todo el d\u00eda pero quieres un sitio acogedor al que volver, donde todo est\u00e9 a mano y sin renunciar a dise\u00f1o. Sales de entrenar, pasas por el supermercado, subes, cenas algo r\u00e1pido y te tiras al sof\u00e1. Lo tienes todo sin complicarte.<br><br><\/li>\n\n\n\n<li><strong>Pisos de 1 dormitorio<\/strong>: si eres de los que disfrutan de estar en casa, tener tu <strong>zona de descanso separada del sal\u00f3n y espacio para invitar a alguien<\/strong> a cenar sin tener la cama a la vista, esta opci\u00f3n es para ti. Ya sea porque haces videollamadas a diario o porque te gusta desconectar con una copa de vino y una serie, aqu\u00ed vas a tener el equilibrio entre comodidad y amplitud.<br><br><\/li>\n\n\n\n<li><strong>Pisos de 2 dormitorios<\/strong>: perfectos si <strong>trabajas desde casa y quieres un despacho con puerta<\/strong> (s\u00ed, una puerta que puedas cerrar), o si <strong>vives en pareja y cada uno necesita su rinc\u00f3n<\/strong>. Tambi\u00e9n si tienes un peque y buscas tranquilidad sin salirte de Madrid. Espacio para guardar, para crear rutinas, para hacer vida de verdad.<br><br><\/li>\n<\/ul>\n\n\n\n<p>Aqu\u00ed no eliges solo metros cuadrados,<strong> eliges c\u00f3mo quieres vivir.<\/strong> <\/p>\n\n\n\n<p>Todas las <strong>viviendas est\u00e1n amuebladas<\/strong>, con <strong>climatizaci\u00f3n eficiente<\/strong>, <strong>cocina completa, buenos acabados<\/strong>\u2026 Y sobre todo, con la ventaja de que <strong>no tienes que esperar meses ni hacer obras. Solo traer tus cosas, <\/strong>poner tu<em> playlist <\/em>favorita y empezar.<\/p>\n\n\n\n<figure class=\"wp-block-image size-full\"><img decoding=\"async\" width=\"1010\" height=\"673\" src=\"http:\/\/bextspace.com\/wp-content\/uploads\/2025\/05\/Bext_valdebebas_fachadajpg.jpg\" alt=\"exteriores de la pr\u00f3xima inauguraci\u00f3n de Bext Valdebebas en Madrid | 2025 | Alquiler de estudios, pisos de 1 y 2 habitaciones\" class=\"wp-image-29922\" srcset=\"https:\/\/bextspace.com\/wp-content\/uploads\/2025\/05\/Bext_valdebebas_fachadajpg.jpg 1010w, https:\/\/bextspace.com\/wp-content\/uploads\/2025\/05\/Bext_valdebebas_fachadajpg-300x200.jpg 300w, https:\/\/bextspace.com\/wp-content\/uploads\/2025\/05\/Bext_valdebebas_fachadajpg-768x512.jpg 768w, https:\/\/bextspace.com\/wp-content\/uploads\/2025\/05\/Bext_valdebebas_fachadajpg-18x12.jpg 18w\" sizes=\"(max-width: 1010px) 100vw, 1010px\" \/><\/figure>\n\n\n\n<div style=\"height:30px\" aria-hidden=\"true\" class=\"wp-block-spacer\"><\/div>\n\n\n\n<h2 class=\"wp-block-heading\"><span class=\"ez-toc-section\" id=\"Espacios_Comunes_y_Amenities_de_Bext_Valdebebas\"><\/span><a><\/a>Espacios Comunes y Amenities de Bext Valdebebas<span class=\"ez-toc-section-end\"><\/span><\/h2>\n\n\n\n<p>En <strong>Bext Valdebebas<\/strong>, la vida no se queda dentro de casa. Estamos preparando la <strong>inauguraci\u00f3n de Bext Valdebebas<\/strong> y te dejamos los detalles abajo para que te apuntes si quieres conocer la promoci\u00f3n. Te adelantamos que si vives en nuestro edificio:<\/p>\n\n\n\n<p>\u2705 Podr\u00e1s entrenar en el <strong>gimnasio <\/strong>sin perder tiempo en desplazamientos. <\/p>\n\n\n\n<p>\u2705 Bajar a la <strong>piscina <\/strong>despu\u00e9s de trabajar y pegarte un chapuz\u00f3n o leer al sol en una tumbona. <\/p>\n\n\n\n<p>\u2705 O usar las <strong>salas coworking<\/strong> si necesitas concentraci\u00f3n o una videollamada sin ruidos.<\/p>\n\n\n\n<p>\u2705 Adem\u00e1s, las <strong>zonas ajardinadas<\/strong> invitan a tomar un caf\u00e9 al aire libre, salir con tu perro o tener una charla improvisada con alg\u00fan vecino. <\/p>\n\n\n\n<p>\u2705 Y si algo se estropea o necesitas ayuda, tienes atenci\u00f3n al residente, <strong>mantenimiento y seguridad las 24 horas.<\/strong><\/p>\n\n\n\n<p>\u2705 Aqu\u00ed todo est\u00e1 pensado para que vivas sin agobios y con libertad: <strong>zona wellness, sauna, jacuzzi, mailbox, lavander\u00eda y pista de p\u00e1del.<\/strong> <\/p>\n\n\n\n<p>Para que puedas mimarte despu\u00e9s de un d\u00eda largo, organizar tu rutina sin complicaciones o echar un partido cuando te apetezca para desconectar. <\/p>\n\n\n\n<p>Porque en Bext Valdebebas no se trata solo de tenerlo todo cerca, sino de sentir que cada d\u00eda lo vives a tu manera.<\/p>\n\n\n\n<div style=\"height:30px\" aria-hidden=\"true\" class=\"wp-block-spacer\"><\/div>\n\n\n\n<h2 class=\"wp-block-heading\"><span class=\"ez-toc-section\" id=\"Inauguracion_de_Bext_Valdebebas\"><\/span><a><\/a>Inauguraci\u00f3n de Bext Valdebebas<span class=\"ez-toc-section-end\"><\/span><\/h2>\n\n\n\n<p>\u2714 <strong>La <strong>inauguraci\u00f3n de Bext Valdebebas<\/strong> ser\u00e1 en junio<\/strong>, pero ya puedes ponerte contacto con nosotros escribiendo a\u00a0<a href=\"mailto:info@bextspace.com\"><strong>benchmarking.<\/strong><\/a> para recibir informaci\u00f3n, resolver dudas o elegir tu vivienda cuanto antes.<\/p>\n\n\n\n<p>\u27a1\ufe0f Si prefieres verlo con calma y reservar tu opci\u00f3n ideal por adelantado este es el momento perfecto. <\/p>\n\n\n\n<p>Hay desde estudios hasta apartamentos de 2 dormitorios, con zonas comunes pensadas para ti con un entorno que suma calidad de vida.<\/p>\n\n\n\n<p>Bext Valdebebas es la oportunidad de vivir a tu manera en un barrio en auge.<\/p>\n\n\n\n<p>Escr\u00edbenos hoy mismo y da el primer paso, la nueva etapa que est\u00e1s buscando puede empezar aqu\u00ed.<\/p>\n\n\n\n<p><\/p>","protected":false},"excerpt":{"rendered":"<p>Un nuevo proyecto residencial abre sus puertas en una de las zonas con mayor proyecci\u00f3n de Madrid. Celebramos la inauguraci\u00f3n de Bext Valdebebas contigo. El lanzamiento de esta promoci\u00f3n refuerza la apuesta de Bext Space por un modelo de vivienda eficiente, bien conectada y pensada para el bienestar de las personas. BEXT Valdebebas ofrece viviendas [&hellip;]<\/p>\n","protected":false},"author":1,"featured_media":29924,"comment_status":"closed","ping_status":"closed","sticky":false,"template":"","format":"standard","meta":{"footnotes":""},"categories":[19,18,20],"tags":[],"class_list":["post-29920","post","type-post","status-publish","format-standard","has-post-thumbnail","hentry","category-actualidad","category-alquiler","category-build-to-rent"],"_links":{"self":[{"href":"https:\/\/bextspace.com\/en\/wp-json\/wp\/v2\/posts\/29920","targetHints":{"allow":["GET"]}}],"collection":[{"href":"https:\/\/bextspace.com\/en\/wp-json\/wp\/v2\/posts"}],"about":[{"href":"https:\/\/bextspace.com\/en\/wp-json\/wp\/v2\/types\/post"}],"author":[{"embeddable":true,"href":"https:\/\/bextspace.com\/en\/wp-json\/wp\/v2\/users\/1"}],"replies":[{"embeddable":true,"href":"https:\/\/bextspace.com\/en\/wp-json\/wp\/v2\/comments?post=29920"}],"version-history":[{"count":0,"href":"https:\/\/bextspace.com\/en\/wp-json\/wp\/v2\/posts\/29920\/revisions"}],"wp:featuredmedia":[{"embeddable":true,"href":"https:\/\/bextspace.com\/en\/wp-json\/wp\/v2\/media\/29924"}],"wp:attachment":[{"href":"https:\/\/bextspace.com\/en\/wp-json\/wp\/v2\/media?parent=29920"}],"wp:term":[{"taxonomy":"category","embeddable":true,"href":"https:\/\/bextspace.com\/en\/wp-json\/wp\/v2\/categories?post=29920"},{"taxonomy":"post_tag","embeddable":true,"href":"https:\/\/bextspace.com\/en\/wp-json\/wp\/v2\/tags?post=29920"}],"curies":[{"name":"wp","href":"https:\/\/api.w.org\/{rel}","templated":true}]}}