{"id":30748,"date":"2025-05-28T09:51:20","date_gmt":"2025-05-28T07:51:20","guid":{"rendered":"http:\/\/bextspace.com\/?p=30748"},"modified":"2025-05-28T09:51:26","modified_gmt":"2025-05-28T07:51:26","slug":"parques-mas-bonitos-de-madrid-en-primavera","status":"publish","type":"post","link":"https:\/\/bextspace.com\/en\/parques-mas-bonitos-de-madrid-en-primavera\/","title":{"rendered":"Visita con nosotros los 8 parques m\u00e1s bonitos de Madrid en primavera"},"content":{"rendered":"<p>Madrid en primavera es otra historia. El cielo se vuelve m\u00e1s azul, los d\u00edas se alargan y los parques de la ciudad se llenan de vida. Flores, terrazas al sol, caminos que invitan a pasear sin prisa\u2026 Si est\u00e1s en la ciudad en esta \u00e9poca del a\u00f1o, hay algo que no puedes dejar pasar: perderte en alguno de<strong> los parques m\u00e1s bonitos de Madrid<\/strong> en primavera.<\/p>\n\n\n\n<p>Tanto si vives aqu\u00ed como si est\u00e1s de paso, en este post te llevamos de la mano por algunos de los jardines m\u00e1s especiales de la ciudad. Un plan sencillo, gratuito y perfecto para desconectar, respirar aire fresco o simplemente sentarte en un banco a mirar la vida pasar.<\/p>\n\n\n\n<p>Aqu\u00ed va nuestra selecci\u00f3n favorita. \u00bfCu\u00e1l a\u00f1adir\u00edas t\u00fa?<\/p><div id=\"ez-toc-container\" class=\"ez-toc-v2_0_82_1 counter-hierarchy ez-toc-counter ez-toc-grey ez-toc-container-direction\">\n<div class=\"ez-toc-title-container\">\n<div class=\"ez-toc-title\" style=\"cursor:inherit\">Contenido del art\u00edculo<\/div>\n<span class=\"ez-toc-title-toggle\"><a href=\"#\" class=\"ez-toc-pull-right ez-toc-btn ez-toc-btn-xs ez-toc-btn-default ez-toc-toggle\" aria-label=\"Toggle Table of Content\"><span class=\"ez-toc-js-icon-con\"><span class=\"\"><span class=\"eztoc-hide\" style=\"display:none;\">Toggle<\/span><span class=\"ez-toc-icon-toggle-span\"><svg style=\"fill: #999;color:#999\" xmlns=\"http:\/\/www.w3.org\/2000\/svg\" class=\"list-377408\" width=\"20px\" height=\"20px\" viewbox=\"0 0 24 24\" fill=\"none\"><path d=\"M6 6H4v2h2V6zm14 0H8v2h12V6zM4 11h2v2H4v-2zm16 0H8v2h12v-2zM4 16h2v2H4v-2zm16 0H8v2h12v-2z\" fill=\"currentColor\"><\/path><\/svg><svg style=\"fill: #999;color:#999\" class=\"arrow-unsorted-368013\" xmlns=\"http:\/\/www.w3.org\/2000\/svg\" width=\"10px\" height=\"10px\" viewbox=\"0 0 24 24\" version=\"1.2\" baseprofile=\"tiny\"><path d=\"M18.2 9.3l-6.2-6.3-6.2 6.3c-.2.2-.3.4-.3.7s.1.5.3.7c.2.2.4.3.7.3h11c.3 0 .5-.1.7-.3.2-.2.3-.5.3-.7s-.1-.5-.3-.7zM5.8 14.7l6.2 6.3 6.2-6.3c.2-.2.3-.5.3-.7s-.1-.5-.3-.7c-.2-.2-.4-.3-.7-.3h-11c-.3 0-.5.1-.7.3-.2.2-.3.5-.3.7s.1.5.3.7z\"\/><\/svg><\/span><\/span><\/span><\/a><\/span><\/div>\n<nav><ul class='ez-toc-list ez-toc-list-level-1' ><li class='ez-toc-page-1 ez-toc-heading-level-2'><a class=\"ez-toc-link ez-toc-heading-1\" href=\"https:\/\/bextspace.com\/en\/parques-mas-bonitos-de-madrid-en-primavera\/#Parques_imprescindibles_para_disfrutar_la_primavera_en_Madrid\" >Parques imprescindibles para disfrutar la primavera en Madrid<\/a><ul class='ez-toc-list-level-3' ><li class='ez-toc-heading-level-3'><a class=\"ez-toc-link ez-toc-heading-2\" href=\"https:\/\/bextspace.com\/en\/parques-mas-bonitos-de-madrid-en-primavera\/#El_Retiro\" >El Retiro<\/a><\/li><li class='ez-toc-page-1 ez-toc-heading-level-3'><a class=\"ez-toc-link ez-toc-heading-3\" href=\"https:\/\/bextspace.com\/en\/parques-mas-bonitos-de-madrid-en-primavera\/#El_Capricho\" >El Capricho<\/a><\/li><li class='ez-toc-page-1 ez-toc-heading-level-3'><a class=\"ez-toc-link ez-toc-heading-4\" href=\"https:\/\/bextspace.com\/en\/parques-mas-bonitos-de-madrid-en-primavera\/#Rosaleda_del_Parque_del_Oeste\" >Rosaleda del Parque del Oeste<\/a><\/li><li class='ez-toc-page-1 ez-toc-heading-level-3'><a class=\"ez-toc-link ez-toc-heading-5\" href=\"https:\/\/bextspace.com\/en\/parques-mas-bonitos-de-madrid-en-primavera\/#Parque_de_la_Quinta_de_los_Molinos\" >Parque de la Quinta de los Molinos<\/a><\/li><li class='ez-toc-page-1 ez-toc-heading-level-3'><a class=\"ez-toc-link ez-toc-heading-6\" href=\"https:\/\/bextspace.com\/en\/parques-mas-bonitos-de-madrid-en-primavera\/#Jardines_de_Sabatini\" >Jardines de Sabatini<\/a><\/li><li class='ez-toc-page-1 ez-toc-heading-level-3'><a class=\"ez-toc-link ez-toc-heading-7\" href=\"https:\/\/bextspace.com\/en\/parques-mas-bonitos-de-madrid-en-primavera\/#Jardines_del_Campo_del_Moro\" >Jardines del Campo del Moro<\/a><\/li><li class='ez-toc-page-1 ez-toc-heading-level-3'><a class=\"ez-toc-link ez-toc-heading-8\" href=\"https:\/\/bextspace.com\/en\/parques-mas-bonitos-de-madrid-en-primavera\/#Parque_de_la_Cuna_Verde_de_Latina\" >Parque de la Cu\u00f1a Verde de Latina<\/a><\/li><li class='ez-toc-page-1 ez-toc-heading-level-3'><a class=\"ez-toc-link ez-toc-heading-9\" href=\"https:\/\/bextspace.com\/en\/parques-mas-bonitos-de-madrid-en-primavera\/#Parque_Forestal_de_Valdebebas-Felipe_VI\" >Parque Forestal de Valdebebas-Felipe VI<\/a><\/li><\/ul><\/li><li class='ez-toc-page-1 ez-toc-heading-level-2'><a class=\"ez-toc-link ez-toc-heading-10\" href=\"https:\/\/bextspace.com\/en\/parques-mas-bonitos-de-madrid-en-primavera\/#Madrid_se_vive_mejor_entre_arboles_y_flores\" >Madrid se vive mejor entre \u00e1rboles y flores<\/a><\/li><\/ul><\/nav><\/div>\n\n\n\n\n<h2 class=\"wp-block-heading\"><span class=\"ez-toc-section\" id=\"Parques_imprescindibles_para_disfrutar_la_primavera_en_Madrid\"><\/span><a><\/a>Parques imprescindibles para disfrutar la primavera en Madrid<span class=\"ez-toc-section-end\"><\/span><\/h2>\n\n\n\n<p>Como os avanz\u00e1bamos, hoy vamos a tratar de daros ideas para esta primavera y este verano, para salir, para escapar del mundanal ruido de la ciudad en alguno de los varios oasis y de los parques m\u00e1s bonitos de Madrid en primavera. Estos son algunos de ellos:<\/p>\n\n\n\n<h3 class=\"wp-block-heading\"><span class=\"ez-toc-section\" id=\"El_Retiro\"><\/span><a><\/a>El Retiro<span class=\"ez-toc-section-end\"><\/span><\/h3>\n\n\n\n<p>Un cl\u00e1sico que nunca falla. <strong><a href=\"https:\/\/es.wikipedia.org\/wiki\/Parque_del_Retiro_de_Madrid\" target=\"_blank\" rel=\"noreferrer noopener\">El Parque de El Retiro <\/a><\/strong>es el m\u00e1s emblem\u00e1tico de Madrid, y en primavera est\u00e1 m\u00e1s bonito que nunca. <\/p>\n\n\n\n<p>Las barcas del estanque, los paseos bajo los casta\u00f1os de Indias en flor\u2026 Ideal para una ma\u00f1ana de picnic, una visita al Palacio de Cristal o una tarde de lectura al sol.<\/p>\n\n\n\n<figure class=\"wp-block-image size-full\"><img fetchpriority=\"high\" decoding=\"async\" width=\"1010\" height=\"672\" src=\"http:\/\/bextspace.com\/wp-content\/uploads\/2025\/05\/parque_del_retiro.jpg\" alt=\"parque de El Retiro | Gu\u00eda de los parques m\u00e1s bonitos de Madrid en Primavera \ud83c\udf3a\" class=\"wp-image-30751\" srcset=\"https:\/\/bextspace.com\/wp-content\/uploads\/2025\/05\/parque_del_retiro.jpg 1010w, https:\/\/bextspace.com\/wp-content\/uploads\/2025\/05\/parque_del_retiro-300x200.jpg 300w, https:\/\/bextspace.com\/wp-content\/uploads\/2025\/05\/parque_del_retiro-768x511.jpg 768w, https:\/\/bextspace.com\/wp-content\/uploads\/2025\/05\/parque_del_retiro-18x12.jpg 18w\" sizes=\"(max-width: 1010px) 100vw, 1010px\" \/><\/figure>\n\n\n\n<h3 class=\"wp-block-heading\"><span class=\"ez-toc-section\" id=\"El_Capricho\"><\/span><a><\/a>El Capricho<span class=\"ez-toc-section-end\"><\/span><\/h3>\n\n\n\n<p>En el distrito de Barajas se esconde uno de los jardines m\u00e1s rom\u00e1nticos y poco conocidos de <strong><a href=\"http:\/\/bextspace.com\/en\/estudios-por-dias-en-madrid\/\" data-type=\"post\" data-id=\"28227\">Madrid.<\/a><\/strong> El <strong><a href=\"https:\/\/www.esmadrid.com\/informacion-turistica\/parque-del-capricho\" target=\"_blank\" rel=\"noreferrer noopener\">Parque de El Capricho<\/a><\/strong> solo abre los fines de semana y festivos, y es perfecto para hacer fotos, descubrir rincones secretos o pasear con calma. Entre laberintos, fuentes y construcciones como el Templete de Baco, te parecer\u00e1 que has salido de la ciudad. Este sin duda, no puede faltar en la lista de los parques m\u00e1s bonitos de Madrid en primavera. <\/p>\n\n\n\n<figure class=\"wp-block-image size-full\"><img decoding=\"async\" width=\"1010\" height=\"673\" src=\"http:\/\/bextspace.com\/wp-content\/uploads\/2025\/05\/parque_el_capricho.jpg\" alt=\"Parque de el Capricho | Gu\u00eda de los parques m\u00e1s bonitos de Madrid en  primavera. \" class=\"wp-image-30753\" srcset=\"https:\/\/bextspace.com\/wp-content\/uploads\/2025\/05\/parque_el_capricho.jpg 1010w, https:\/\/bextspace.com\/wp-content\/uploads\/2025\/05\/parque_el_capricho-300x200.jpg 300w, https:\/\/bextspace.com\/wp-content\/uploads\/2025\/05\/parque_el_capricho-768x512.jpg 768w, https:\/\/bextspace.com\/wp-content\/uploads\/2025\/05\/parque_el_capricho-18x12.jpg 18w\" sizes=\"(max-width: 1010px) 100vw, 1010px\" \/><\/figure>\n\n\n\n<h3 class=\"wp-block-heading\"><span class=\"ez-toc-section\" id=\"Rosaleda_del_Parque_del_Oeste\"><\/span><a><\/a>Rosaleda del Parque del Oeste<span class=\"ez-toc-section-end\"><\/span><\/h3>\n\n\n\n<p>Next to public transport <strong><a href=\"https:\/\/www.madrid.es\/portales\/munimadrid\/es\/Inicio\/Cultura-ocio-y-deporte\/Cultura-y-ocio\/Templo-de-Debod?vgnextfmt=default&amp;vgnextoid=46caa0d03aa8b010VgnVCM100000d90ca8c0RCRD&amp;vgnextchannel=c937f073808fe410VgnVCM2000000c205a0aRCRD\" target=\"_blank\" rel=\"noreferrer noopener\">Templo de Debod<\/a><\/strong> y en pleno coraz\u00f3n del Parque del Oeste, se encuentra esta <strong><a href=\"https:\/\/es.wikipedia.org\/wiki\/Rosaleda_del_parque_del_Oeste\" target=\"_blank\" rel=\"noreferrer noopener\">Rosaleda<\/a><\/strong> hist\u00f3rica con m\u00e1s de 600 variedades de rosas que empiezan a florecer entre mayo y junio. Es un espect\u00e1culo visual y arom\u00e1tico que no te puedes perder, ideal para pasear, hacer fotos o simplemente dejarse sorprender.<\/p>\n\n\n\n<h3 class=\"wp-block-heading\"><span class=\"ez-toc-section\" id=\"Parque_de_la_Quinta_de_los_Molinos\"><\/span><a><\/a>Parque de la Quinta de los Molinos<span class=\"ez-toc-section-end\"><\/span><\/h3>\n\n\n\n<p>Durante unas semanas, a finales de febrero y marzo, el <strong><a href=\"https:\/\/www.madrid.es\/portales\/munimadrid\/es\/Inicio\/El-Ayuntamiento\/Parques-y-jardines\/Patrimonio-Verde\/Parques-en-Madrid\/Parque-Quinta-de-los-Molinos\/?vgnextfmt=default&amp;vgnextoid=3e0264a7f259e210VgnVCM2000000c205a0aRCRD&amp;vgnextchannel=38bb1914e7d4e210VgnVCM1000000b205a0aRCRD\" target=\"_blank\" rel=\"noopener\">Parque de la Quinta de los Molinos <\/a><\/strong>se convierte en un mar de almendros en flor y quiz\u00e1 sea uno de los parques m\u00e1s bonitos de Madrid en primavera gracias a sus flores rosas y blancas.<\/p>\n\n\n\n<p>Aunque la floraci\u00f3n es temprana, en primavera sigue siendo un lugar ideal para caminar entre \u00e1rboles. Adem\u00e1s, cuenta con zonas de sombra y colinas suaves para desconectar.<\/p>\n\n\n\n<h3 class=\"wp-block-heading\"><span class=\"ez-toc-section\" id=\"Jardines_de_Sabatini\"><\/span><a><\/a>Jardines de Sabatini<span class=\"ez-toc-section-end\"><\/span><\/h3>\n\n\n\n<p>Los <strong><a href=\"https:\/\/es.wikipedia.org\/wiki\/Jardines_de_Sabatini\" target=\"_blank\" rel=\"noopener\">Jardines de Sabatini<\/a><\/strong> est\u00e1n justo al norte del <strong>Palacio Real<\/strong>, estos jardines destacan por sus setos recortados y las vistas espectaculares al atardecer. Subir al mirador y ver c\u00f3mo cae la tarde sobre Madrid es un plan sencillo pero inolvidable.<\/p>\n\n\n\n<h3 class=\"wp-block-heading\"><span class=\"ez-toc-section\" id=\"Jardines_del_Campo_del_Moro\"><\/span><a><\/a>Jardines del Campo del Moro<span class=\"ez-toc-section-end\"><\/span><\/h3>\n\n\n\n<p>Justo debajo del Palacio Real, estos jardines tienen un aire m\u00e1s natural y rom\u00e1ntico, con paseos largos, fuentes como la de los Tritones y pavos reales que a veces se dejan ver por los caminos. <\/p>\n\n\n\n<p>Un espacio tranquilo y con historia, perfecto para escapar del bullicio sin salir del centro, no pod\u00edamos dejarlo fuera de la gu\u00eda de parques m\u00e1s bonitos de Madrid en primavera.<\/p>\n\n\n\n<h3 class=\"wp-block-heading\"><span class=\"ez-toc-section\" id=\"Parque_de_la_Cuna_Verde_de_Latina\"><\/span><a><\/a>Parque de la Cu\u00f1a Verde de Latina<span class=\"ez-toc-section-end\"><\/span><\/h3>\n\n\n\n<p>Un gran pulm\u00f3n verde en el suroeste de la ciudad, que conecta con Casa de Campo y el Parque de San Isidro. <\/p>\n\n\n\n<p>El <strong><a href=\"https:\/\/www.madrid.es\/portales\/munimadrid\/es\/Inicio\/El-Ayuntamiento\/Parques-y-jardines\/Patrimonio-Verde\/Parques-en-Madrid\/Parque-de-la-Cuna-Verde-de-Latina\/?vgnextfmt=default&amp;vgnextoid=66732baf6409e210VgnVCM1000000b205a0aRCRD&amp;vgnextchannel=38bb1914e7d4e210VgnVCM1000000b205a0aRCRD\" target=\"_blank\" rel=\"noreferrer noopener\">Parque de la Cu\u00f1a Verde de Latina<\/a><\/strong> es ideal para hacer deporte, andar en bici o simplemente sentarse en la hierba. En primavera, sus amplias praderas se llenan de flores silvestres, y las vistas del skyline de Madrid desde sus puntos altos son espectaculares.<\/p>\n\n\n\n<h3 class=\"wp-block-heading\"><span class=\"ez-toc-section\" id=\"Parque_Forestal_de_Valdebebas-Felipe_VI\"><\/span><a><\/a>Parque Forestal de Valdebebas-Felipe VI<span class=\"ez-toc-section-end\"><\/span><\/h3>\n\n\n\n<p>Y dejamos para el final uno de los grandes desconocidos (y m\u00e1s impresionantes): <strong><a href=\"http:\/\/bextspace.com\/en\/como-es-vivir-en-valdebebas\/\" data-type=\"post\" data-id=\"27601\">El Parque Forestal de Valdebebas-Felipe VI<\/a><\/strong>. Es uno de los espacios verdes m\u00e1s extensos de Madrid. En primavera, los senderos, miradores y zonas de picnic cobran vida, la vegetaci\u00f3n es diversa, y caminar por \u00e9l es un verdadero lujo.<\/p>\n\n\n\n<figure class=\"wp-block-image size-full\"><img decoding=\"async\" width=\"1010\" height=\"513\" src=\"http:\/\/bextspace.com\/wp-content\/uploads\/2025\/03\/parque_de_felipe_vi_3.jpg\" alt=\"Parque de Felipe VI- Descubre c\u00f3mo es vivir en Valdebebas y uno de sus parques m\u00e1s bonitos\" class=\"wp-image-27989\" srcset=\"https:\/\/bextspace.com\/wp-content\/uploads\/2025\/03\/parque_de_felipe_vi_3.jpg 1010w, https:\/\/bextspace.com\/wp-content\/uploads\/2025\/03\/parque_de_felipe_vi_3-300x152.jpg 300w, https:\/\/bextspace.com\/wp-content\/uploads\/2025\/03\/parque_de_felipe_vi_3-768x390.jpg 768w, https:\/\/bextspace.com\/wp-content\/uploads\/2025\/03\/parque_de_felipe_vi_3-18x9.jpg 18w\" sizes=\"(max-width: 1010px) 100vw, 1010px\" \/><\/figure>\n\n\n\n<p>Este parque est\u00e1 ubicado junto a Valdebebas y Sanchinarro, zonas en crecimiento donde se apuesta por una vida urbana m\u00e1s tranquila, pero bien conectada. Si te alojas en esta parte de la ciudad, como en <strong><a href=\"http:\/\/bextspace.com\/en\/bext-valdebebas\/\" data-type=\"page\" data-id=\"23693\">Bext Valdebebas<\/a><\/strong>, lo tienes literalmente al lado.<\/p>\n\n\n\n<p>Imagina terminar tu jornada laboral y poder salir a caminar entre \u00e1rboles, o levantarte un domingo y tener la naturaleza a pocos pasos de casa. As\u00ed se vive la primavera cuando tienes un parque como este a tu alcance.<\/p>\n\n\n\n<h2 class=\"wp-block-heading\"><span class=\"ez-toc-section\" id=\"Madrid_se_vive_mejor_entre_arboles_y_flores\"><\/span><a><\/a>Madrid se vive mejor entre \u00e1rboles y flores<span class=\"ez-toc-section-end\"><\/span><\/h2>\n\n\n\n<p>Una de las mejores cosas que tiene Madrid es que, a pesar de ser una gran ciudad, est\u00e1 llena de parques y jardines que te permiten cambiar de escenario sin irte muy lejos.<\/p>\n\n\n\n<p>En primavera, todo cobra m\u00e1s sentido: las flores, la temperatura, los colores, la energ\u00eda\u2026 Y aprovecharlo depende solo de ti, solo, en pareja, <a href=\"http:\/\/bextspace.com\/en\/celebrar-el-dia-del-padre-en-madrid\/\" data-type=\"post\" data-id=\"27552\"><strong>con ni\u00f1os<\/strong><\/a> o con amigos, estos planes son para todos. Gu\u00e1rdate o env\u00eda esta gu\u00eda de los parques m\u00e1s bonitos de Madrid en primavera a tus amigos y familiares para ir visitando uno a uno.<\/p>\n\n\n\n<p>Y si te est\u00e1s quedando en la ciudad solo durante unas semanas, alojarte en un barrio con zonas verdes cercanas puede cambiar por completo tu experiencia. Tanto <strong><a href=\"http:\/\/bextspace.com\/en\/bext-valdebebas\/\">Bext Valdebebas<\/a><\/strong> como <strong><a href=\"http:\/\/bextspace.com\/en\/bext-vallecas\/\" data-type=\"page\" data-id=\"20138\">Bext Vallecas<\/a><\/strong> est\u00e1n ubicados en<strong> zonas bien conectadas, con amplios parques y espacios abiertos donde respirar, moverse y desconectar.<\/strong><\/p>\n\n\n\n<p>Esta primavera, sal a descubrir Madrid con otros ojos, empezando por sus parques.<\/p>\n\n\n\n<p>\u00bfQuieres saber m\u00e1s sobre nuestras <strong><a href=\"http:\/\/bextspace.com\/en\/es-facil-alquilar-piso-en-madrid-por-3-meses\/\" data-type=\"post\" data-id=\"28220\">viviendas por meses<\/a><\/strong>? Descubre <strong>Bext Space<\/strong> y elige d\u00f3nde y c\u00f3mo quieres vivir, a tu manera.<\/p>","protected":false},"excerpt":{"rendered":"<p>Madrid en primavera es otra historia. El cielo se vuelve m\u00e1s azul, los d\u00edas se alargan y los parques de la ciudad se llenan de vida. Flores, terrazas al sol, caminos que invitan a pasear sin prisa\u2026 Si est\u00e1s en la ciudad en esta \u00e9poca del a\u00f1o, hay algo que no puedes dejar pasar: perderte [&hellip;]<\/p>\n","protected":false},"author":1,"featured_media":30846,"comment_status":"closed","ping_status":"closed","sticky":false,"template":"","format":"standard","meta":{"footnotes":""},"categories":[30,18],"tags":[],"class_list":["post-30748","post","type-post","status-publish","format-standard","has-post-thumbnail","hentry","category-turismo-y-lifestyle","category-alquiler"],"_links":{"self":[{"href":"https:\/\/bextspace.com\/en\/wp-json\/wp\/v2\/posts\/30748","targetHints":{"allow":["GET"]}}],"collection":[{"href":"https:\/\/bextspace.com\/en\/wp-json\/wp\/v2\/posts"}],"about":[{"href":"https:\/\/bextspace.com\/en\/wp-json\/wp\/v2\/types\/post"}],"author":[{"embeddable":true,"href":"https:\/\/bextspace.com\/en\/wp-json\/wp\/v2\/users\/1"}],"replies":[{"embeddable":true,"href":"https:\/\/bextspace.com\/en\/wp-json\/wp\/v2\/comments?post=30748"}],"version-history":[{"count":0,"href":"https:\/\/bextspace.com\/en\/wp-json\/wp\/v2\/posts\/30748\/revisions"}],"wp:featuredmedia":[{"embeddable":true,"href":"https:\/\/bextspace.com\/en\/wp-json\/wp\/v2\/media\/30846"}],"wp:attachment":[{"href":"https:\/\/bextspace.com\/en\/wp-json\/wp\/v2\/media?parent=30748"}],"wp:term":[{"taxonomy":"category","embeddable":true,"href":"https:\/\/bextspace.com\/en\/wp-json\/wp\/v2\/categories?post=30748"},{"taxonomy":"post_tag","embeddable":true,"href":"https:\/\/bextspace.com\/en\/wp-json\/wp\/v2\/tags?post=30748"}],"curies":[{"name":"wp","href":"https:\/\/api.w.org\/{rel}","templated":true}]}}