{"id":5587,"date":"2022-11-14T09:54:00","date_gmt":"2022-11-14T08:54:00","guid":{"rendered":"http:\/\/bextspace.com\/?p=5587"},"modified":"2025-02-21T12:41:53","modified_gmt":"2025-02-21T11:41:53","slug":"eficiencia-energetica-edificios","status":"publish","type":"post","link":"https:\/\/bextspace.com\/en\/eficiencia-energetica-edificios\/","title":{"rendered":"\u00bfQu\u00e9 es la eficiencia energ\u00e9tica y c\u00f3mo conocer la eficiencia de una casa?"},"content":{"rendered":"<div data-elementor-type=\"wp-post\" data-elementor-id=\"5587\" class=\"elementor elementor-5587\" data-elementor-post-type=\"post\">\n\t\t\t\t\t\t<section class=\"elementor-section elementor-top-section elementor-element elementor-element-1f5b4068 elementor-section-boxed elementor-section-height-default elementor-section-height-default\" data-id=\"1f5b4068\" data-element_type=\"section\" data-e-type=\"section\">\n\t\t\t\t\t\t<div class=\"elementor-container elementor-column-gap-default\">\n\t\t\t\t\t<div class=\"elementor-column elementor-col-100 elementor-top-column elementor-element elementor-element-2eea9f4c\" data-id=\"2eea9f4c\" data-element_type=\"column\" data-e-type=\"column\">\n\t\t\t<div class=\"elementor-widget-wrap elementor-element-populated\">\n\t\t\t\t\t\t<div class=\"elementor-element elementor-element-6d8f94d3 elementor-widget elementor-widget-text-editor\" data-id=\"6d8f94d3\" data-element_type=\"widget\" data-e-type=\"widget\" data-widget_type=\"text-editor.default\">\n\t\t\t\t<div class=\"elementor-widget-container\">\n\t\t\t\t\t\t\t\t\t\n<p>Lo primero que tienes que saber acerca de la eficiencia energ\u00e9tica de una casa es que,\u00a0<a href=\"mailto:https:\/\/www.idae.es\/tecnologias\/eficiencia-energetica\/edificacion\/calificacion-energetica-de-edificios\" target=\"_blank\" rel=\"nofollow noopener\">seg\u00fan el IDAE<\/a> (Instituto para la Diversificaci\u00f3n y Ahorro de la Energ\u00eda) del Ministerio para la Transici\u00f3n Ecol\u00f3gica y el Reto Demogr\u00e1fico, su calificaci\u00f3n es el mecanismo oficial, tanto a nivel nacional como a nivel europeo, para la evaluaci\u00f3n y comparaci\u00f3n de la eficiencia energ\u00e9tica e integraci\u00f3n de energ\u00edas renovables en los edificios. Se rige por distintas directivas europeas de eficiencia energ\u00e9tica y se regulan de forma particular a nivel nacional mediante un real decreto.\u00a0<\/p>\n\n<p>A Espa\u00f1a esta normativa lleg\u00f3 en 2007 a trav\u00e9s del Real Decreto 47\/2007 del 19 de enero para la certificaci\u00f3n de eficiencia energ\u00e9tica de edificios de nueva construcci\u00f3n. M\u00e1s adelante, se derog\u00f3 por el Real Decreto 235\/2013 del 5 de abril para dar cabida a las novedades que se produjeron en la nueva directiva europea ampliando el \u00e1mbito a todos los edificios, incluidos los existentes. Un cambi\u00f3 m\u00e1s lleg\u00f3 en 2018 con el Real Decreto 390\/2018 del 1 de junio por el que se aprobaba el procedimiento b\u00e1sico para la certificaci\u00f3n de la eficiencia energ\u00e9tica, estableciendo un mayor \u00e1mbito de edificios. Actualmente, esta es la ley por la que se rige la normativa de la eficiencia energ\u00e9tica de los edificios en Espa\u00f1a.\u00a0<\/p>\n\n<p>Ahora pasamos a ver en qu\u00e9 consiste la eficiencia energ\u00e9tica para comprender mejor su calificaci\u00f3n.\u00a0\u00a0<\/p>\n\n<div class=\"wp-block-spacer\" style=\"height: 25px;\" aria-hidden=\"true\">\u00a0<\/div>\n\n<div id=\"ez-toc-container\" class=\"ez-toc-v2_0_82_1 counter-hierarchy ez-toc-counter ez-toc-grey ez-toc-container-direction\">\n<div class=\"ez-toc-title-container\">\n<div class=\"ez-toc-title\" style=\"cursor:inherit\">Contenido del art\u00edculo<\/div>\n<span class=\"ez-toc-title-toggle\"><a href=\"#\" class=\"ez-toc-pull-right ez-toc-btn ez-toc-btn-xs ez-toc-btn-default ez-toc-toggle\" aria-label=\"Toggle Table of Content\"><span class=\"ez-toc-js-icon-con\"><span class=\"\"><span class=\"eztoc-hide\" style=\"display:none;\">Toggle<\/span><span class=\"ez-toc-icon-toggle-span\"><svg style=\"fill: #999;color:#999\" xmlns=\"http:\/\/www.w3.org\/2000\/svg\" class=\"list-377408\" width=\"20px\" height=\"20px\" viewbox=\"0 0 24 24\" fill=\"none\"><path d=\"M6 6H4v2h2V6zm14 0H8v2h12V6zM4 11h2v2H4v-2zm16 0H8v2h12v-2zM4 16h2v2H4v-2zm16 0H8v2h12v-2z\" fill=\"currentColor\"><\/path><\/svg><svg style=\"fill: #999;color:#999\" class=\"arrow-unsorted-368013\" xmlns=\"http:\/\/www.w3.org\/2000\/svg\" width=\"10px\" height=\"10px\" viewbox=\"0 0 24 24\" version=\"1.2\" baseprofile=\"tiny\"><path d=\"M18.2 9.3l-6.2-6.3-6.2 6.3c-.2.2-.3.4-.3.7s.1.5.3.7c.2.2.4.3.7.3h11c.3 0 .5-.1.7-.3.2-.2.3-.5.3-.7s-.1-.5-.3-.7zM5.8 14.7l6.2 6.3 6.2-6.3c.2-.2.3-.5.3-.7s-.1-.5-.3-.7c-.2-.2-.4-.3-.7-.3h-11c-.3 0-.5.1-.7.3-.2.2-.3.5-.3.7s.1.5.3.7z\"\/><\/svg><\/span><\/span><\/span><\/a><\/span><\/div>\n<nav><ul class='ez-toc-list ez-toc-list-level-1' ><li class='ez-toc-page-1 ez-toc-heading-level-2'><a class=\"ez-toc-link ez-toc-heading-1\" href=\"https:\/\/bextspace.com\/en\/eficiencia-energetica-edificios\/#%C2%BFQue_es_la_eficiencia_energetica_en_un_edificio\" >\u00bfQu\u00e9 es la eficiencia energ\u00e9tica en un edificio?\u00a0<\/a><\/li><li class='ez-toc-page-1 ez-toc-heading-level-2'><a class=\"ez-toc-link ez-toc-heading-2\" href=\"https:\/\/bextspace.com\/en\/eficiencia-energetica-edificios\/#%C2%BFComo_saber_si_un_edificio_es_eficiente_energeticamente\" >\u00bfC\u00f3mo saber si un edificio es eficiente energ\u00e9ticamente?\u00a0\u00a0<\/a><\/li><li class='ez-toc-page-1 ez-toc-heading-level-2'><a class=\"ez-toc-link ez-toc-heading-3\" href=\"https:\/\/bextspace.com\/en\/eficiencia-energetica-edificios\/#Aspectos_claves_para_saber_si_un_edificio_es_eficiente\" >Aspectos claves para saber si un edificio es eficiente\u00a0<\/a><\/li><li class='ez-toc-page-1 ez-toc-heading-level-2'><a class=\"ez-toc-link ez-toc-heading-4\" href=\"https:\/\/bextspace.com\/en\/eficiencia-energetica-edificios\/#Una_breve_introduccion_a_la_calificacion_energetica_de_edificios\" >Una breve introducci\u00f3n a la calificaci\u00f3n energ\u00e9tica de edificios\u00a0<\/a><\/li><li class='ez-toc-page-1 ez-toc-heading-level-2'><a class=\"ez-toc-link ez-toc-heading-5\" href=\"https:\/\/bextspace.com\/en\/eficiencia-energetica-edificios\/#Conoce_el_alquiler_de_Bext_Space_en_Madrid_Tetuan\" >Conoce el alquiler de Bext Space en Madrid, Tetu\u00e1n<\/a><\/li><\/ul><\/nav><\/div>\n<h2 class=\"wp-block-heading\"><span class=\"ez-toc-section\" id=\"%C2%BFQue_es_la_eficiencia_energetica_en_un_edificio\"><\/span><strong>\u00bfQu\u00e9 es la eficiencia energ\u00e9tica en un edificio?\u00a0<\/strong><span class=\"ez-toc-section-end\"><\/span><\/h2>\n\n<div class=\"wp-block-spacer\" style=\"height: 25px;\" aria-hidden=\"true\">\u00a0<\/div>\n\n<p>Bajo el concepto de eficiencia energ\u00e9tica en un edificio se encuentra la utilizaci\u00f3n racional de energ\u00eda para abastecer las necesidades de climatizaci\u00f3n de un inmueble\u00a0(calefacci\u00f3n y refrigeraci\u00f3n), as\u00ed como para la generaci\u00f3n de agua caliente, la iluminaci\u00f3n, y dem\u00e1s suministros necesarios relacionados. Este concepto proviene de los principios de las denominadas\u00a0<em>passivhaus<\/em>, t\u00e9rmino de origen alem\u00e1n de finales de los a\u00f1os 80, y que establece el uso de soluciones para reducir el consumo energ\u00e9tico en cualquier tipolog\u00eda de edificaci\u00f3n.<\/p>\n\n<p>Muy relacionado con el concepto de eficiencia energ\u00e9tica en edificios se encuentran las denominadas <a href=\"http:\/\/bextspace.com\/en\/vivienda-sostenible-que-es-y-ventajas\/\" data-type=\"URL\" data-id=\"http:\/\/bextspace.com\/vivienda-sostenible-que-es-y-ventajas\/\">viviendas sostenibles<\/a> las cuales ya cumplen la mayor\u00eda de aspectos relacionados con est\u00e1ndares de calidad y eficiencia energ\u00e9tica.<\/p>\n\n<p>Por lo tanto, un edificio energ\u00e9ticamente eficiente es aquel que, a trav\u00e9s de un conjunto de medidas, consigue un menor gasto energ\u00e9tico, reduciendo las p\u00e9rdidas de energ\u00eda, la contaminaci\u00f3n del medio ambiente y todo ello a trav\u00e9s del uso de energ\u00edas renovables alternativas (geotermia, e\u00f3lica o solar).\u00a0<\/p>\n\n<div class=\"wp-block-spacer\" style=\"height: 25px;\" aria-hidden=\"true\">\u00a0<\/div>\n\n<h2 class=\"wp-block-heading\"><span class=\"ez-toc-section\" id=\"%C2%BFComo_saber_si_un_edificio_es_eficiente_energeticamente\"><\/span><strong>\u00bfC\u00f3mo saber si un edificio es eficiente energ\u00e9ticamente?\u00a0\u00a0<\/strong><span class=\"ez-toc-section-end\"><\/span><\/h2>\n\n<div class=\"wp-block-spacer\" style=\"height: 25px;\" aria-hidden=\"true\">\u00a0<\/div>\n\n<p>Junto al uso de las energ\u00edas renovables mencionadas, un edificio tambi\u00e9n es eficiente energ\u00e9ticamente por la aplicaci\u00f3n racional de la propia energ\u00eda con sistemas que reduzcan el consumo y que al mismo tiempo eviten la p\u00e9rdida de confort en el interior.\u00a0<\/p>\n\n<p>Del mismo modo, la eficiencia en un edificio tambi\u00e9n se consigue con una correcta orientaci\u00f3n del inmueble y con la reducci\u00f3n de p\u00e9rdidas energ\u00e9ticas (gracias a soluciones de aislamiento t\u00e9rmico o los cerramientos que garantizan la estanqueidad, todo sin verse comprometida la ventilaci\u00f3n del inmueble).\u00a0<\/p>\n\n<div class=\"wp-block-spacer\" style=\"height: 25px;\" aria-hidden=\"true\">\u00a0<\/div>\n\n<h2 class=\"wp-block-heading\"><span class=\"ez-toc-section\" id=\"Aspectos_claves_para_saber_si_un_edificio_es_eficiente\"><\/span><strong>Aspectos claves para saber si un edificio es eficiente\u00a0<\/strong><span class=\"ez-toc-section-end\"><\/span><\/h2>\n\n<div class=\"wp-block-spacer\" style=\"height: 25px;\" aria-hidden=\"true\">\u00a0<\/div>\n\n<p>Un edificio es energ\u00e9ticamente eficiente si utiliza un conjunto de herramientas o soluciones que consigan viviendas de consumo de energ\u00eda casi nulo. Para saber si se est\u00e1n llevando correctamente a cabo, la Calificaci\u00f3n de Eficiencia energ\u00e9tica de un Edificio asigna a cada inmueble una etiqueta que da informaci\u00f3n sobre su consumo de energ\u00eda y las emisiones de CO<sub>2,\u00a0<\/sub>al tiempo que lo clasifica en una escala de mayor a menor eficiencia energ\u00e9tica. La escala va desde la clase A, aquellos edificios que menos energ\u00eda consumen, hasta la G, los que m\u00e1s consumen. Para el establecimiento de las emisiones de CO<sub>2\u00a0<\/sub>la escala es la misma. Por tanto, si un edificio cuenta con la certificaci\u00f3n A ser\u00e1 porque es un edificio de los que menos energ\u00eda consumen y menos emisiones de CO<sub>2<\/sub>\u00a0producen.\u00a0<\/p>\n\n<div class=\"wp-block-spacer\" style=\"height: 25px;\" aria-hidden=\"true\">\u00a0<\/div>\n\n<h2 class=\"wp-block-heading\"><span class=\"ez-toc-section\" id=\"Una_breve_introduccion_a_la_calificacion_energetica_de_edificios\"><\/span><strong>Una breve introducci\u00f3n a la calificaci\u00f3n energ\u00e9tica de edificios\u00a0<\/strong><span class=\"ez-toc-section-end\"><\/span><\/h2>\n\n<div class=\"wp-block-spacer\" style=\"height: 25px;\" aria-hidden=\"true\">\u00a0<\/div>\n\n<p>La calificaci\u00f3n energ\u00e9tica de edificios, seg\u00fan el IDAE, \u201cse basa en la evaluaci\u00f3n del edificio independientemente del uso real del mismo, simulando condiciones de funcionamiento homog\u00e9neas para todos los casos, de forma que permita identificar y comparar los edificios por su calidad energ\u00e9tica y no por el uso de sus ocupantes, consideraci\u00f3n indispensable para ayudar en la decisi\u00f3n de compra, alquiler o rehabilitaci\u00f3n de un edificio\u201d. A partir de ahora ten en cuenta que tu pr\u00f3xima vivienda sea energ\u00e9ticamente eficiente por tener las soluciones de eficiencia energ\u00e9tica mencionadas y por obtener un certificado alto, letras A o B.\u00a0<\/p>\n\t\t\t\t\t\t\t\t<\/div>\n\t\t\t\t<\/div>\n\t\t\t\t\t<\/div>\n\t\t<\/div>\n\t\t\t\t\t<\/div>\n\t\t<\/section>\n\t\t\t\t<section class=\"elementor-section elementor-top-section elementor-element elementor-element-56aef23c elementor-section-boxed elementor-section-height-default elementor-section-height-default\" data-id=\"56aef23c\" data-element_type=\"section\" data-e-type=\"section\">\n\t\t\t\t\t\t<div class=\"elementor-container elementor-column-gap-default\">\n\t\t\t\t\t<div class=\"elementor-column elementor-col-100 elementor-top-column elementor-element elementor-element-2b7384c9\" data-id=\"2b7384c9\" data-element_type=\"column\" data-e-type=\"column\">\n\t\t\t<div class=\"elementor-widget-wrap elementor-element-populated\">\n\t\t\t\t\t\t<div class=\"elementor-element elementor-element-396e358f elementor-cta--skin-classic elementor-animated-content elementor-bg-transform elementor-bg-transform-zoom-in elementor-widget elementor-widget-call-to-action\" data-id=\"396e358f\" data-element_type=\"widget\" data-e-type=\"widget\" data-widget_type=\"call-to-action.default\">\n\t\t\t\t<div class=\"elementor-widget-container\">\n\t\t\t\t\t\t\t<a class=\"elementor-cta\" href=\"http:\/\/bextspace.com\/en\/bext-skyline\/\">\n\t\t\t\t\t<div class=\"elementor-cta__bg-wrapper\">\n\t\t\t\t<div class=\"elementor-cta__bg elementor-bg\" style=\"background-image: url(https:\/\/bextspace.com\/wp-content\/uploads\/2022\/04\/20-MAYO-Post-Skyline-2-1024x576.jpg);\" role=\"img\" aria-label=\"Torres bext skyline\"><\/div>\n\t\t\t\t<div class=\"elementor-cta__bg-overlay\"><\/div>\n\t\t\t<\/div>\n\t\t\t\t\t\t\t<div class=\"elementor-cta__content\">\n\t\t\t\t\n\t\t\t\t\t\t\t\t\t<h2 class=\"elementor-cta__title elementor-cta__content-item elementor-content-item\"><span class=\"ez-toc-section\" id=\"Conoce_el_alquiler_de_Bext_Space_en_Madrid_Tetuan\"><\/span>\n\t\t\t\t\t\tConoce el alquiler de Bext Space en Madrid, Tetu\u00e1n\t\t\t\t\t<span class=\"ez-toc-section-end\"><\/span><\/h2>\n\t\t\t\t\n\t\t\t\t\t\t\t\t\t<div class=\"elementor-cta__description elementor-cta__content-item elementor-content-item\">\n\t\t\t\t\t\tBext Skyline es una edificio con viviendas de alquiler de obra nueva de 1, 2 y 3 dormitorios con terrazas, espectaculares vistas de Madrid y modernas y luminosas estancias. \t\t\t\t\t<\/div>\n\t\t\t\t\n\t\t\t\t\t\t\t\t\t<div class=\"elementor-cta__button-wrapper elementor-cta__content-item elementor-content-item\">\n\t\t\t\t\t<span class=\"elementor-cta__button elementor-button elementor-size-\">\n\t\t\t\t\t\t\u00a1Inf\u00f3rmate!\t\t\t\t\t<\/span>\n\t\t\t\t\t<\/div>\n\t\t\t\t\t\t\t<\/div>\n\t\t\t\t\t\t<\/a>\n\t\t\t\t\t\t<\/div>\n\t\t\t\t<\/div>\n\t\t\t\t\t<\/div>\n\t\t<\/div>\n\t\t\t\t\t<\/div>\n\t\t<\/section>\n\t\t\t\t<\/div>","protected":false},"excerpt":{"rendered":"<p>Bajo el concepto de eficiencia energ\u00e9tica en un edificio se encuentra la utilizaci\u00f3n racional de energ\u00eda para abastecer las necesidades de climatizaci\u00f3n de un inmueble\u00a0(calefacci\u00f3n y refrigeraci\u00f3n), as\u00ed como para la generaci\u00f3n de agua caliente, la iluminaci\u00f3n, y dem\u00e1s suministros necesarios relacionados. <\/p>","protected":false},"author":1,"featured_media":5588,"comment_status":"closed","ping_status":"closed","sticky":false,"template":"","format":"standard","meta":{"footnotes":""},"categories":[19],"tags":[],"class_list":["post-5587","post","type-post","status-publish","format-standard","has-post-thumbnail","hentry","category-actualidad"],"_links":{"self":[{"href":"https:\/\/bextspace.com\/en\/wp-json\/wp\/v2\/posts\/5587","targetHints":{"allow":["GET"]}}],"collection":[{"href":"https:\/\/bextspace.com\/en\/wp-json\/wp\/v2\/posts"}],"about":[{"href":"https:\/\/bextspace.com\/en\/wp-json\/wp\/v2\/types\/post"}],"author":[{"embeddable":true,"href":"https:\/\/bextspace.com\/en\/wp-json\/wp\/v2\/users\/1"}],"replies":[{"embeddable":true,"href":"https:\/\/bextspace.com\/en\/wp-json\/wp\/v2\/comments?post=5587"}],"version-history":[{"count":0,"href":"https:\/\/bextspace.com\/en\/wp-json\/wp\/v2\/posts\/5587\/revisions"}],"wp:featuredmedia":[{"embeddable":true,"href":"https:\/\/bextspace.com\/en\/wp-json\/wp\/v2\/media\/5588"}],"wp:attachment":[{"href":"https:\/\/bextspace.com\/en\/wp-json\/wp\/v2\/media?parent=5587"}],"wp:term":[{"taxonomy":"category","embeddable":true,"href":"https:\/\/bextspace.com\/en\/wp-json\/wp\/v2\/categories?post=5587"},{"taxonomy":"post_tag","embeddable":true,"href":"https:\/\/bextspace.com\/en\/wp-json\/wp\/v2\/tags?post=5587"}],"curies":[{"name":"wp","href":"https:\/\/api.w.org\/{rel}","templated":true}]}}