{"id":6093,"date":"2022-12-07T09:46:00","date_gmt":"2022-12-07T08:46:00","guid":{"rendered":"http:\/\/bextspace.com\/?p=6093"},"modified":"2025-02-21T12:41:27","modified_gmt":"2025-02-21T11:41:27","slug":"terrazas-cesped-artificial","status":"publish","type":"post","link":"https:\/\/bextspace.com\/en\/terrazas-cesped-artificial\/","title":{"rendered":"Ideas para decorar terrazas con c\u00e9sped artificial"},"content":{"rendered":"<div data-elementor-type=\"wp-post\" data-elementor-id=\"6093\" class=\"elementor elementor-6093\" data-elementor-post-type=\"post\">\n\t\t\t\t\t\t<section class=\"elementor-section elementor-top-section elementor-element elementor-element-1868edda elementor-section-boxed elementor-section-height-default elementor-section-height-default\" data-id=\"1868edda\" data-element_type=\"section\" data-e-type=\"section\">\n\t\t\t\t\t\t<div class=\"elementor-container elementor-column-gap-default\">\n\t\t\t\t\t<div class=\"elementor-column elementor-col-100 elementor-top-column elementor-element elementor-element-24075809\" data-id=\"24075809\" data-element_type=\"column\" data-e-type=\"column\">\n\t\t\t<div class=\"elementor-widget-wrap elementor-element-populated\">\n\t\t\t\t\t\t<div class=\"elementor-element elementor-element-3a38d4fc elementor-widget elementor-widget-text-editor\" data-id=\"3a38d4fc\" data-element_type=\"widget\" data-e-type=\"widget\" data-widget_type=\"text-editor.default\">\n\t\t\t\t<div class=\"elementor-widget-container\">\n\t\t\t\t\t\t\t\t\t\n<p>No importa el tama\u00f1o de la terraza de tu piso de alquiler, puedes usar c\u00e9sped artificial para aumentar el verde y darle un toque natural al espacio. Si te gusta el c\u00e9sped y quieres tener un jard\u00edn, pero no dispones de espacio suficiente en tu casa, \u00a1no te preocupes! El c\u00e9sped artificial es la soluci\u00f3n perfecta para ti. Adem\u00e1s, decorar un balc\u00f3n o terraza con c\u00e9sped artificial es m\u00e1s f\u00e1cil de lo que piensas. Sigue leyendo este post y descubre algunas ideas para decorar terrazas con c\u00e9sped artificial.<\/p>\n\n<div class=\"wp-block-spacer\" style=\"height: 25px;\" aria-hidden=\"true\">\u00a0<\/div>\n\n<div id=\"ez-toc-container\" class=\"ez-toc-v2_0_82_1 counter-hierarchy ez-toc-counter ez-toc-grey ez-toc-container-direction\">\n<div class=\"ez-toc-title-container\">\n<div class=\"ez-toc-title\" style=\"cursor:inherit\">Contenido del art\u00edculo<\/div>\n<span class=\"ez-toc-title-toggle\"><a href=\"#\" class=\"ez-toc-pull-right ez-toc-btn ez-toc-btn-xs ez-toc-btn-default ez-toc-toggle\" aria-label=\"Toggle Table of Content\"><span class=\"ez-toc-js-icon-con\"><span class=\"\"><span class=\"eztoc-hide\" style=\"display:none;\">Toggle<\/span><span class=\"ez-toc-icon-toggle-span\"><svg style=\"fill: #999;color:#999\" xmlns=\"http:\/\/www.w3.org\/2000\/svg\" class=\"list-377408\" width=\"20px\" height=\"20px\" viewbox=\"0 0 24 24\" fill=\"none\"><path d=\"M6 6H4v2h2V6zm14 0H8v2h12V6zM4 11h2v2H4v-2zm16 0H8v2h12v-2zM4 16h2v2H4v-2zm16 0H8v2h12v-2z\" fill=\"currentColor\"><\/path><\/svg><svg style=\"fill: #999;color:#999\" class=\"arrow-unsorted-368013\" xmlns=\"http:\/\/www.w3.org\/2000\/svg\" width=\"10px\" height=\"10px\" viewbox=\"0 0 24 24\" version=\"1.2\" baseprofile=\"tiny\"><path d=\"M18.2 9.3l-6.2-6.3-6.2 6.3c-.2.2-.3.4-.3.7s.1.5.3.7c.2.2.4.3.7.3h11c.3 0 .5-.1.7-.3.2-.2.3-.5.3-.7s-.1-.5-.3-.7zM5.8 14.7l6.2 6.3 6.2-6.3c.2-.2.3-.5.3-.7s-.1-.5-.3-.7c-.2-.2-.4-.3-.7-.3h-11c-.3 0-.5.1-.7.3-.2.2-.3.5-.3.7s.1.5.3.7z\"\/><\/svg><\/span><\/span><\/span><\/a><\/span><\/div>\n<nav><ul class='ez-toc-list ez-toc-list-level-1' ><li class='ez-toc-page-1 ez-toc-heading-level-2'><a class=\"ez-toc-link ez-toc-heading-1\" href=\"https:\/\/bextspace.com\/en\/terrazas-cesped-artificial\/#%C2%BFComo_decorar_un_balcon_pequeno_o_terraza_con_cesped_artificial\" >\u00bfC\u00f3mo decorar un balc\u00f3n peque\u00f1o o terraza con c\u00e9sped artificial?<\/a><\/li><li class='ez-toc-page-1 ez-toc-heading-level-2'><a class=\"ez-toc-link ez-toc-heading-2\" href=\"https:\/\/bextspace.com\/en\/terrazas-cesped-artificial\/#Consejos_de_decoracion_de_balcones_con_cesped_artificial\" >Consejos de decoraci\u00f3n de balcones con c\u00e9sped artificial<\/a><ul class='ez-toc-list-level-3' ><li class='ez-toc-heading-level-3'><a class=\"ez-toc-link ez-toc-heading-3\" href=\"https:\/\/bextspace.com\/en\/terrazas-cesped-artificial\/#Elige_el_cesped_artificial_adecuado\" >Elige el c\u00e9sped artificial adecuado<\/a><\/li><li class='ez-toc-page-1 ez-toc-heading-level-3'><a class=\"ez-toc-link ez-toc-heading-4\" href=\"https:\/\/bextspace.com\/en\/terrazas-cesped-artificial\/#Crea_un_ambiente_natural\" >Crea un ambiente natural \u00a0<\/a><\/li><li class='ez-toc-page-1 ez-toc-heading-level-3'><a class=\"ez-toc-link ez-toc-heading-5\" href=\"https:\/\/bextspace.com\/en\/terrazas-cesped-artificial\/#Ilumina_el_espacio\" >Ilumina el espacio<\/a><\/li><li class='ez-toc-page-1 ez-toc-heading-level-3'><a class=\"ez-toc-link ez-toc-heading-6\" href=\"https:\/\/bextspace.com\/en\/terrazas-cesped-artificial\/#Anade_un_toque_personal\" >A\u00f1ade un toque personal<\/a><\/li><\/ul><\/li><li class='ez-toc-page-1 ez-toc-heading-level-2'><a class=\"ez-toc-link ez-toc-heading-7\" href=\"https:\/\/bextspace.com\/en\/terrazas-cesped-artificial\/#Conclusiones\" >Conclusiones\u00a0<\/a><\/li><li class='ez-toc-page-1 ez-toc-heading-level-2'><a class=\"ez-toc-link ez-toc-heading-8\" href=\"https:\/\/bextspace.com\/en\/terrazas-cesped-artificial\/#Conoce_el_alquiler_de_Bext_Space_en_Madrid_Tetuan\" >Conoce el alquiler de Bext Space en Madrid, Tetu\u00e1n<\/a><\/li><\/ul><\/nav><\/div>\n<h2 class=\"wp-block-heading\"><span class=\"ez-toc-section\" id=\"%C2%BFComo_decorar_un_balcon_pequeno_o_terraza_con_cesped_artificial\"><\/span><strong>\u00bfC\u00f3mo decorar un balc\u00f3n peque\u00f1o o terraza con c\u00e9sped artificial?<\/strong><span class=\"ez-toc-section-end\"><\/span><\/h2>\n\n<div class=\"wp-block-spacer\" style=\"height: 25px;\" aria-hidden=\"true\">\u00a0<\/div>\n\n<p>A\u00f1adir c\u00e9sped artificial puede ser la soluci\u00f3n perfecta para mejorar tu balc\u00f3n o terraza. No solo aportar\u00e1 un toque de verdor y frescura a tu espacio, sino que tambi\u00e9n te permitir\u00e1 personalizarlo a tu gusto. Si tu terraza es peque\u00f1a, puedes usar c\u00e9sped artificial para darle un toque natural a tu balc\u00f3n. Si tu terraza es grande, puedes usar este mismo material para crear un \u00e1rea de descanso y relajaci\u00f3n al aire libre. Si est\u00e1s buscando ideas para decorar tu terraza con c\u00e9sped artificial, entonces este art\u00edculo es perfecto para ti.<\/p>\n\n<p>El c\u00e9sped artificial es perfecto para los espacios peque\u00f1os y reducidos, ya que es un material muy vers\u00e1til y cuenta con muchas ventajas. El <strong>c\u00e9sped artificial es resistente a las condiciones clim\u00e1ticas y a la humedad<\/strong>, por lo que no se da\u00f1a f\u00e1cilmente. Adem\u00e1s, no necesita ning\u00fan tipo de cuidado especial y se mantiene en perfectas condiciones durante muchos a\u00f1os. Otra de las ventajas es que es muy f\u00e1cil de instalar. Puedes hacerlo t\u00fa mismo en cuesti\u00f3n de minutos y no necesitar\u00e1s herramientas especiales. Solo aseg\u00farate de medir el \u00e1rea antes de comprarlo para asegurarte de que tengas suficiente.<\/p>\n\n<p>Una vez que hayas instalado el c\u00e9sped artificial, \u00a1es hora de decorar! Una de las mejores maneras de decorar un balc\u00f3n o terraza con c\u00e9sped artificial es utilizarlo como base para otros elementos decorativos, como macetas y jardineras. Puedes utilizar plantas y flores para crear un borde natural, o incluso colocar unos cojines y una mesa peque\u00f1a para convertir tu balc\u00f3n en un lugar perfecto para relajarse.<\/p>\n\n<p>El c\u00e9sped artificial crea un ambiente natural y acogedor, por lo que es perfecto para relajarse en el balc\u00f3n o en la terraza. Si no quieres utilizar c\u00e9sped artificial, tambi\u00e9n puedes optar por la hierba sint\u00e9tica, que es una alternativa m\u00e1s econ\u00f3mica.<\/p>\n\n<p>\u00bfA qu\u00e9 est\u00e1s esperando para decorar tu balc\u00f3n o terraza con c\u00e9sped artificial?<\/p>\n\n<div class=\"wp-block-spacer\" style=\"height: 25px;\" aria-hidden=\"true\">\u00a0<\/div>\n\n<h2 class=\"wp-block-heading\"><span class=\"ez-toc-section\" id=\"Consejos_de_decoracion_de_balcones_con_cesped_artificial\"><\/span><strong>Consejos de decoraci\u00f3n de balcones con c\u00e9sped artificial<\/strong><span class=\"ez-toc-section-end\"><\/span><\/h2>\n\n<div class=\"wp-block-spacer\" style=\"height: 25px;\" aria-hidden=\"true\">\u00a0<\/div>\n\n<h3 class=\"wp-block-heading\"><span class=\"ez-toc-section\" id=\"Elige_el_cesped_artificial_adecuado\"><\/span><strong>Elige el c\u00e9sped artificial adecuado<\/strong><span class=\"ez-toc-section-end\"><\/span><\/h3>\n\n<p>Existen diferentes tipos de c\u00e9sped artificial en el mercado. Para elegir el que mejor se adapte a tus necesidades, debes tener en cuenta la <strong>altura del c\u00e9sped, el color y el grosor<\/strong>. Si tu terraza es peque\u00f1a, te recomendamos que optes por un c\u00e9sped artificial de baja altura y un tono claro. De esta forma, conseguir\u00e1s que tu espacio parezca m\u00e1s amplio.<\/p>\n\n<h3 class=\"wp-block-heading\"><span class=\"ez-toc-section\" id=\"Crea_un_ambiente_natural\"><\/span><strong>Crea un ambiente natural \u00a0<\/strong><span class=\"ez-toc-section-end\"><\/span><\/h3>\n\n<p>Para crear un ambiente natural en tu balc\u00f3n o terraza con c\u00e9sped artificial, te recomendamos que incorpores <strong>plantas reales y elementos de jard\u00edn como macetas y bancos de madera<\/strong>. Las plantas no solo aportar\u00e1n vida al espacio, tambi\u00e9n ayudar\u00e1n a purificar el aire y proteger\u00e1n la zona del sol.<\/p>\n\n<h3 class=\"wp-block-heading\"><span class=\"ez-toc-section\" id=\"Ilumina_el_espacio\"><\/span><strong>Ilumina el espacio<\/strong><span class=\"ez-toc-section-end\"><\/span><\/h3>\n\n<p>La iluminaci\u00f3n es un elemento muy importante a la hora de decorar un balc\u00f3n o terraza con c\u00e9sped artificial. Elige unos buenos focos para iluminar el espacio de forma indirecta y crear un ambiente acogedor y relajado. Los farolillos de jard\u00edn son una opci\u00f3n perfecta para este tipo de espacios.\u00a0<\/p>\n\n<h3 class=\"wp-block-heading\"><span class=\"ez-toc-section\" id=\"Anade_un_toque_personal\"><\/span><strong>A\u00f1ade un toque personal<\/strong><span class=\"ez-toc-section-end\"><\/span><\/h3>\n\n<p>Para hacer que tu balc\u00f3n o terraza con c\u00e9sped artificial sea \u00fanico y personal, a\u00f1ade tus propios toques decorativos. Puedes utilizar cojines, mantas y otros elementos para dar un toque de color al espacio. Tambi\u00e9n puedes colgar unas luces de navidad o de las fiestas para crear un ambiente especial y acogedor.<\/p>\n\n<div class=\"wp-block-spacer\" style=\"height: 25px;\" aria-hidden=\"true\">\u00a0<\/div>\n\n<h2 class=\"wp-block-heading\"><span class=\"ez-toc-section\" id=\"Conclusiones\"><\/span><strong>Conclusiones\u00a0<\/strong><span class=\"ez-toc-section-end\"><\/span><\/h2>\n\n<div class=\"wp-block-spacer\" style=\"height: 25px;\" aria-hidden=\"true\">\u00a0<\/div>\n\n<p>La instalaci\u00f3n de c\u00e9sped artificial en una terraza es una gran idea para quienes buscan una manera de <strong>aumentar el espacio verde en su hogar<\/strong>. El c\u00e9sped artificial tambi\u00e9n es ideal para aquellos que quieren tener un jard\u00edn, pero no tienen el tiempo o el espacio necesarios para cuidarlo. Hay muchas maneras de decorar una terraza con c\u00e9sped artificial y se pueden encontrar f\u00e1cilmente tutoriales en l\u00ednea que explican paso a paso c\u00f3mo hacerlo. Algunas ideas b\u00e1sicas incluyen agregar macetas y plantas, construir un peque\u00f1o toldo o incluso colocar muebles de jard\u00edn. Con un poco de imaginaci\u00f3n, la terraza puede convertirse f\u00e1cilmente en un hermoso espacio verde que se disfruta todo el a\u00f1o.<\/p>\n\n<p>Con todos estos <em>tips<\/em>, ya puedes poner en marcha la decoraci\u00f3n de la terraza de tu <a href=\"http:\/\/bextspace.com\/en\/alquiler-pisos-tetuan-madrid\/\">piso de obra nueva en Tetu\u00e1n<\/a> en Bext Space.<\/p>\n\t\t\t\t\t\t\t\t<\/div>\n\t\t\t\t<\/div>\n\t\t\t\t\t<\/div>\n\t\t<\/div>\n\t\t\t\t\t<\/div>\n\t\t<\/section>\n\t\t\t\t<section class=\"elementor-section elementor-top-section elementor-element elementor-element-610eb47 elementor-section-boxed elementor-section-height-default elementor-section-height-default\" data-id=\"610eb47\" data-element_type=\"section\" data-e-type=\"section\">\n\t\t\t\t\t\t<div class=\"elementor-container elementor-column-gap-default\">\n\t\t\t\t\t<div class=\"elementor-column elementor-col-100 elementor-top-column elementor-element elementor-element-5c84be4c\" data-id=\"5c84be4c\" data-element_type=\"column\" data-e-type=\"column\">\n\t\t\t<div class=\"elementor-widget-wrap elementor-element-populated\">\n\t\t\t\t\t\t<div class=\"elementor-element elementor-element-2a89a759 elementor-cta--skin-classic elementor-animated-content elementor-bg-transform elementor-bg-transform-zoom-in elementor-widget elementor-widget-call-to-action\" data-id=\"2a89a759\" data-element_type=\"widget\" data-e-type=\"widget\" data-widget_type=\"call-to-action.default\">\n\t\t\t\t<div class=\"elementor-widget-container\">\n\t\t\t\t\t\t\t<a class=\"elementor-cta\" href=\"http:\/\/bextspace.com\/en\/bext-skyline\/\">\n\t\t\t\t\t<div class=\"elementor-cta__bg-wrapper\">\n\t\t\t\t<div class=\"elementor-cta__bg elementor-bg\" style=\"background-image: url(https:\/\/bextspace.com\/wp-content\/uploads\/2022\/04\/20-MAYO-Post-Skyline-2-1024x576.jpg);\" role=\"img\" aria-label=\"Torres bext skyline\"><\/div>\n\t\t\t\t<div class=\"elementor-cta__bg-overlay\"><\/div>\n\t\t\t<\/div>\n\t\t\t\t\t\t\t<div class=\"elementor-cta__content\">\n\t\t\t\t\n\t\t\t\t\t\t\t\t\t<h2 class=\"elementor-cta__title elementor-cta__content-item elementor-content-item\"><span class=\"ez-toc-section\" id=\"Conoce_el_alquiler_de_Bext_Space_en_Madrid_Tetuan\"><\/span>\n\t\t\t\t\t\tConoce el alquiler de Bext Space en Madrid, Tetu\u00e1n\t\t\t\t\t<span class=\"ez-toc-section-end\"><\/span><\/h2>\n\t\t\t\t\n\t\t\t\t\t\t\t\t\t<div class=\"elementor-cta__description elementor-cta__content-item elementor-content-item\">\n\t\t\t\t\t\tBext Skyline es una edificio con viviendas de alquiler de obra nueva de 1, 2 y 3 dormitorios con terrazas, espectaculares vistas de Madrid y modernas y luminosas estancias. \t\t\t\t\t<\/div>\n\t\t\t\t\n\t\t\t\t\t\t\t\t\t<div class=\"elementor-cta__button-wrapper elementor-cta__content-item elementor-content-item\">\n\t\t\t\t\t<span class=\"elementor-cta__button elementor-button elementor-size-\">\n\t\t\t\t\t\t\u00a1Inf\u00f3rmate!\t\t\t\t\t<\/span>\n\t\t\t\t\t<\/div>\n\t\t\t\t\t\t\t<\/div>\n\t\t\t\t\t\t<\/a>\n\t\t\t\t\t\t<\/div>\n\t\t\t\t<\/div>\n\t\t\t\t\t<\/div>\n\t\t<\/div>\n\t\t\t\t\t<\/div>\n\t\t<\/section>\n\t\t\t\t<\/div>","protected":false},"excerpt":{"rendered":"<p>No importa el tama\u00f1o de la terraza de tu piso de alquiler, puedes usar c\u00e9sped artificial para aumentar el verde y darle un toque natural al espacio. Si te gusta el c\u00e9sped y quieres tener un jard\u00edn, pero no dispones de espacio suficiente en tu casa, \u00a1no te preocupes! El c\u00e9sped artificial es la soluci\u00f3n perfecta para ti. Adem\u00e1s, decorar un balc\u00f3n o terraza con c\u00e9sped artificial es m\u00e1s f\u00e1cil de lo que piensas. Sigue leyendo este post y descubre algunas ideas para decorar terrazas con c\u00e9sped artificial. <\/p>","protected":false},"author":1,"featured_media":6094,"comment_status":"closed","ping_status":"closed","sticky":false,"template":"","format":"standard","meta":{"footnotes":""},"categories":[19],"tags":[],"class_list":["post-6093","post","type-post","status-publish","format-standard","has-post-thumbnail","hentry","category-actualidad"],"_links":{"self":[{"href":"https:\/\/bextspace.com\/en\/wp-json\/wp\/v2\/posts\/6093","targetHints":{"allow":["GET"]}}],"collection":[{"href":"https:\/\/bextspace.com\/en\/wp-json\/wp\/v2\/posts"}],"about":[{"href":"https:\/\/bextspace.com\/en\/wp-json\/wp\/v2\/types\/post"}],"author":[{"embeddable":true,"href":"https:\/\/bextspace.com\/en\/wp-json\/wp\/v2\/users\/1"}],"replies":[{"embeddable":true,"href":"https:\/\/bextspace.com\/en\/wp-json\/wp\/v2\/comments?post=6093"}],"version-history":[{"count":0,"href":"https:\/\/bextspace.com\/en\/wp-json\/wp\/v2\/posts\/6093\/revisions"}],"wp:featuredmedia":[{"embeddable":true,"href":"https:\/\/bextspace.com\/en\/wp-json\/wp\/v2\/media\/6094"}],"wp:attachment":[{"href":"https:\/\/bextspace.com\/en\/wp-json\/wp\/v2\/media?parent=6093"}],"wp:term":[{"taxonomy":"category","embeddable":true,"href":"https:\/\/bextspace.com\/en\/wp-json\/wp\/v2\/categories?post=6093"},{"taxonomy":"post_tag","embeddable":true,"href":"https:\/\/bextspace.com\/en\/wp-json\/wp\/v2\/tags?post=6093"}],"curies":[{"name":"wp","href":"https:\/\/api.w.org\/{rel}","templated":true}]}}